{"id":1,"count":50,"description":"Equipo docente de investigaci\u00f3n del Instituto de Educaci\u00f3n F\u00edsica \"Prof. Antonio Alejandro Alvarez\"","link":"https:\/\/isef-crr.infd.edu.ar\/sitio\/category\/comunicados\/noticias\/sin-categoria\/","name":"Cursos de Capacitaci\u00f3n del ISEF","slug":"sin-categoria","taxonomy":"category","parent":6,"meta":[],"acf":[],"_links":{"self":[{"href":"https:\/\/isef-crr.infd.edu.ar\/sitio\/wp-json\/wp\/v2\/categories\/1"}],"collection":[{"href":"https:\/\/isef-crr.infd.edu.ar\/sitio\/wp-json\/wp\/v2\/categories"}],"about":[{"href":"https:\/\/isef-crr.infd.edu.ar\/sitio\/wp-json\/wp\/v2\/taxonomies\/category"}],"up":[{"embeddable":true,"href":"https:\/\/isef-crr.infd.edu.ar\/sitio\/wp-json\/wp\/v2\/categories\/6"}],"wp:post_type":[{"href":"https:\/\/isef-crr.infd.edu.ar\/sitio\/wp-json\/wp\/v2\/posts?categories=1"}],"curies":[{"name":"wp","href":"https:\/\/api.w.org\/{rel}","templated":true}]}}