{"id":1130,"date":"2020-06-04T12:56:21","date_gmt":"2020-06-04T15:56:21","guid":{"rendered":"https:\/\/isef-crr.infd.edu.ar\/sitio\/?p=1130"},"modified":"2020-06-04T13:48:33","modified_gmt":"2020-06-04T16:48:33","slug":"charla-sobre-genero-y-diversidad-sexual","status":"publish","type":"post","link":"https:\/\/isef-crr.infd.edu.ar\/sitio\/charla-sobre-genero-y-diversidad-sexual\/","title":{"rendered":"Charla sobre g\u00e9nero y diversidad sexual."},"content":{"rendered":"<p><!--more--><img decoding=\"async\" loading=\"lazy\" class=\"alignnone wp-image-1131\" src=\"https:\/\/isef-crr.infd.edu.ar\/sitio\/wp-content\/uploads\/2020\/06\/thumbnail_PHOTO-2020-06-04-12-26-47-1000x563.jpg\" alt=\"\" width=\"600\" height=\"286\" \/><\/p>\n<p>Hoy se llev\u00f3 a cabo la Primera charla virtual organizada por la C\u00e1tedra de Residencia Docente. La tem\u00e1tica fue <strong>\u00abGenero y diversidad sexual dentro del \u00e1mbito de la educaci\u00f3n f\u00edsica\u00bb<\/strong>, en el misma estaban invitados los profesores de ESI y Campamento, con los cuales se coordin\u00f3 un trabajo multidisciplinar. La concurrencia super\u00f3 las expectativas, con un total de 160 estudiantes de Corrientes e It\u00e1 Ibat\u00e9.<br \/>\nAgradecemos al disertante  Profesor Dylan Cardozo por su predisposici\u00f3n.  <\/p>\n<p><img decoding=\"async\" loading=\"lazy\" class=\"alignnone wp-image-1132\" src=\"https:\/\/isef-crr.infd.edu.ar\/sitio\/wp-content\/uploads\/2020\/06\/PHOTO-2020-06-04-12-30-13-1000x462.jpg\" alt=\"\" width=\"600\" height=\"231\" \/><\/p>\n<p>Link para que ingresen los estudiantes que no pudieron estar:<\/p>\n<p><a href=\"https:\/\/drive.google.com\/file\/d\/1zzOaAWbQMCBspupFKCVf8z4doOO9NqKA\/view?usp=sharing\">https:\/\/drive.google.com\/file\/d\/1zzOaAWbQMCBspupFKCVf8z4doOO9NqKA\/view?usp=sharing<\/a><\/p>\n","protected":false},"excerpt":{"rendered":"","protected":false},"author":666,"featured_media":1131,"comment_status":"open","ping_status":"open","sticky":false,"template":"","format":"standard","meta":[],"categories":[36],"tags":[37,40,39,38],"acf":[],"_links":{"self":[{"href":"https:\/\/isef-crr.infd.edu.ar\/sitio\/wp-json\/wp\/v2\/posts\/1130"}],"collection":[{"href":"https:\/\/isef-crr.infd.edu.ar\/sitio\/wp-json\/wp\/v2\/posts"}],"about":[{"href":"https:\/\/isef-crr.infd.edu.ar\/sitio\/wp-json\/wp\/v2\/types\/post"}],"author":[{"embeddable":true,"href":"https:\/\/isef-crr.infd.edu.ar\/sitio\/wp-json\/wp\/v2\/users\/666"}],"replies":[{"embeddable":true,"href":"https:\/\/isef-crr.infd.edu.ar\/sitio\/wp-json\/wp\/v2\/comments?post=1130"}],"version-history":[{"count":17,"href":"https:\/\/isef-crr.infd.edu.ar\/sitio\/wp-json\/wp\/v2\/posts\/1130\/revisions"}],"predecessor-version":[{"id":1149,"href":"https:\/\/isef-crr.infd.edu.ar\/sitio\/wp-json\/wp\/v2\/posts\/1130\/revisions\/1149"}],"wp:featuredmedia":[{"embeddable":true,"href":"https:\/\/isef-crr.infd.edu.ar\/sitio\/wp-json\/wp\/v2\/media\/1131"}],"wp:attachment":[{"href":"https:\/\/isef-crr.infd.edu.ar\/sitio\/wp-json\/wp\/v2\/media?parent=1130"}],"wp:term":[{"taxonomy":"category","embeddable":true,"href":"https:\/\/isef-crr.infd.edu.ar\/sitio\/wp-json\/wp\/v2\/categories?post=1130"},{"taxonomy":"post_tag","embeddable":true,"href":"https:\/\/isef-crr.infd.edu.ar\/sitio\/wp-json\/wp\/v2\/tags?post=1130"}],"curies":[{"name":"wp","href":"https:\/\/api.w.org\/{rel}","templated":true}]}}