{"id":1163,"date":"2020-06-20T11:18:41","date_gmt":"2020-06-20T14:18:41","guid":{"rendered":"https:\/\/isef-crr.infd.edu.ar\/sitio\/?p=1163"},"modified":"2020-06-20T22:08:06","modified_gmt":"2020-06-21T01:08:06","slug":"homenaje-a-manuel-belgrano","status":"publish","type":"post","link":"https:\/\/isef-crr.infd.edu.ar\/sitio\/homenaje-a-manuel-belgrano\/","title":{"rendered":"Homenaje a Manuel Belgrano"},"content":{"rendered":"<p>Alumnos del Instituto Superior de Educaci\u00f3n F\u00edsica Homenajearon a la Bandera y a su creador, General Manuel Belgrano.<!--more--><br \/>\n<iframe loading=\"lazy\" src=\"https:\/\/www.youtube.com\/embed\/OrNrZb9EEvg\" width=\"700\" height=\"315\" frameborder=\"0\" allowfullscreen=\"allowfullscreen\"><\/iframe><br \/>\nAlumnos de 4to a\u00f1o 2\u00b0da divisi\u00f3n del ISEF realizaron un homenaje a Manuel Belgrano con un video inclusivo.<\/p>\n<p><iframe loading=\"lazy\" src=\"https:\/\/www.youtube.com\/embed\/GIFlZuNmxas\" width=\"700\" height=\"315\" frameborder=\"0\" allowfullscreen=\"allowfullscreen\"><\/iframe><br \/>\nHomenaje a la Bandera de alumnos del ISEF de la Extensi\u00f3n \u00e1ulica de It\u00e1 Ibat\u00e9.<\/p>\n<p><iframe loading=\"lazy\" src=\"https:\/\/www.youtube.com\/embed\/PaH7TLg9hvM\" width=\"700\" height=\"315\" frameborder=\"0\" allowfullscreen=\"allowfullscreen\"><span data-mce-type=\"bookmark\" style=\"display: inline-block; width: 0px; overflow: hidden; line-height: 0;\" class=\"mce_SELRES_start\">\ufeff<\/span><\/iframe><br \/>\nHomenaje a la Bandera de alumnos del 3ro 4ta.<\/p>\n<p><iframe loading=\"lazy\" width=\"700\" height=\"315\" src=\"https:\/\/www.youtube.com\/embed\/2pcthnGHkHw\" frameborder=\"0\" allow=\"accelerometer; autoplay; encrypted-media; gyroscope; picture-in-picture\" allowfullscreen><\/iframe><br \/>\nHomenaje a la Bandera de alumnos del 4to 1era.<\/p>\n<p><iframe loading=\"lazy\" width=\"700\" height=\"315\" src=\"https:\/\/www.youtube.com\/embed\/zZmtgHc0T2s\" frameborder=\"0\" allow=\"accelerometer; autoplay; encrypted-media; gyroscope; picture-in-picture\" allowfullscreen><\/iframe><br \/>\nHomenaje a la Bandera de alumnos del 4to 3era<\/p>\n","protected":false},"excerpt":{"rendered":"<p>Alumnos del Instituto Superior de Educaci\u00f3n F\u00edsica Homenajearon a la Bandera y a su creador, General Manuel Belgrano.<\/p>\n","protected":false},"author":4,"featured_media":1165,"comment_status":"open","ping_status":"open","sticky":false,"template":"","format":"video","meta":[],"categories":[8],"tags":[26,43,44],"acf":[],"_links":{"self":[{"href":"https:\/\/isef-crr.infd.edu.ar\/sitio\/wp-json\/wp\/v2\/posts\/1163"}],"collection":[{"href":"https:\/\/isef-crr.infd.edu.ar\/sitio\/wp-json\/wp\/v2\/posts"}],"about":[{"href":"https:\/\/isef-crr.infd.edu.ar\/sitio\/wp-json\/wp\/v2\/types\/post"}],"author":[{"embeddable":true,"href":"https:\/\/isef-crr.infd.edu.ar\/sitio\/wp-json\/wp\/v2\/users\/4"}],"replies":[{"embeddable":true,"href":"https:\/\/isef-crr.infd.edu.ar\/sitio\/wp-json\/wp\/v2\/comments?post=1163"}],"version-history":[{"count":9,"href":"https:\/\/isef-crr.infd.edu.ar\/sitio\/wp-json\/wp\/v2\/posts\/1163\/revisions"}],"predecessor-version":[{"id":1174,"href":"https:\/\/isef-crr.infd.edu.ar\/sitio\/wp-json\/wp\/v2\/posts\/1163\/revisions\/1174"}],"wp:featuredmedia":[{"embeddable":true,"href":"https:\/\/isef-crr.infd.edu.ar\/sitio\/wp-json\/wp\/v2\/media\/1165"}],"wp:attachment":[{"href":"https:\/\/isef-crr.infd.edu.ar\/sitio\/wp-json\/wp\/v2\/media?parent=1163"}],"wp:term":[{"taxonomy":"category","embeddable":true,"href":"https:\/\/isef-crr.infd.edu.ar\/sitio\/wp-json\/wp\/v2\/categories?post=1163"},{"taxonomy":"post_tag","embeddable":true,"href":"https:\/\/isef-crr.infd.edu.ar\/sitio\/wp-json\/wp\/v2\/tags?post=1163"}],"curies":[{"name":"wp","href":"https:\/\/api.w.org\/{rel}","templated":true}]}}