{"id":1183,"date":"2020-09-02T09:14:52","date_gmt":"2020-09-02T12:14:52","guid":{"rendered":"https:\/\/isef-crr.infd.edu.ar\/sitio\/?p=1183"},"modified":"2020-10-01T15:20:21","modified_gmt":"2020-10-01T18:20:21","slug":"inscripcion-interinatos-y-suplencias","status":"publish","type":"post","link":"https:\/\/isef-crr.infd.edu.ar\/sitio\/inscripcion-interinatos-y-suplencias\/","title":{"rendered":"Inscripci\u00f3n Interinatos y Suplencias"},"content":{"rendered":"<p>Se Encuentra abierta la inscripci\u00f3n para Interinatos y Suplencias para el ciclo lectivo 2021.\u00a0Cierre de la inscripci\u00f3n: 30 de Septiembre.<\/p>\n<p><strong>Espacios Curriculares<\/strong> <strong>ofrecidos<\/strong>:<\/p>\n<ul>\n<li>Sede Capital: de Primero a cuarto a\u00f1o del Plan de Estudios 2614\/15.<\/li>\n<li>Subsede Ituzaing\u00f3: Segundo a\u00f1o del Plan de Estudios 2614\/15.<\/li>\n<li>Extensi\u00f3n \u00c1ulica It\u00e1 Ibat\u00e9: tercer y cuarto a\u00f1o del Plan de estudios 2614\/15.<\/li>\n<\/ul>\n<p><strong>Cargos ofrecidos<\/strong>:<\/p>\n<p>Sede Central: Secretaria\/o \u00a0Administrativa, Prosecretaria\/o, Bedel Superior, Preceptor\/a y Bibliotecario\/a.<\/p>\n<p>Subsede Ituzaing\u00f3:\u00a0Secretaria\/o \u00a0Administrativa<\/p>\n<p>Link para la inscripci\u00f3n: <a href=\"http:\/\/isef.sima.mec.gob.ar\/interinatoysuplencia\/\">http:\/\/isef.sima.mec.gob.ar\/interinatoysuplencia\/<\/a><\/p>\n<p>La recepci\u00f3n de la documentaci\u00f3n se realizar\u00e1 en Secretaria de Instituto<strong>, luego del asueto administrativo declarado por el Gobernador<\/strong> \u00a0y \u00a0hasta el d\u00eda 30 de septiembre.<\/p>\n<p>Se anexa tutorial del Equipo Sima:<\/p>\n<p><a href=\"https:\/\/isef-crr.infd.edu.ar\/sitio\/inscripcion-interinatos-y-suplencias\/generacion-de-ficha-inscripcion-intineratos-y-suplencias\/\" rel=\"attachment wp-att-1185\">Generaci\u00f3n de Ficha Inscripci\u00f3n &#8211; Intineratos y suplencias<\/a><\/p>\n","protected":false},"excerpt":{"rendered":"<p>Se Encuentra abierta la inscripci\u00f3n para Interinatos y Suplencias para el ciclo lectivo 2021.\u00a0Cierre de la inscripci\u00f3n: 30 de Septiembre. Espacios Curriculares ofrecidos: Sede Capital: de Primero a cuarto a\u00f1o del Plan de Estudios 2614\/15. Subsede Ituzaing\u00f3: Segundo a\u00f1o del Plan de Estudios 2614\/15. Extensi\u00f3n \u00c1ulica It\u00e1 Ibat\u00e9: tercer y cuarto a\u00f1o del Plan de &#8230; <a title=\"Inscripci\u00f3n Interinatos y Suplencias\" class=\"read-more\" href=\"https:\/\/isef-crr.infd.edu.ar\/sitio\/inscripcion-interinatos-y-suplencias\/\" aria-label=\"More on Inscripci\u00f3n Interinatos y Suplencias\">[+]<\/a><\/p>\n","protected":false},"author":666,"featured_media":1189,"comment_status":"open","ping_status":"open","sticky":false,"template":"","format":"standard","meta":[],"categories":[45],"tags":[],"acf":[],"_links":{"self":[{"href":"https:\/\/isef-crr.infd.edu.ar\/sitio\/wp-json\/wp\/v2\/posts\/1183"}],"collection":[{"href":"https:\/\/isef-crr.infd.edu.ar\/sitio\/wp-json\/wp\/v2\/posts"}],"about":[{"href":"https:\/\/isef-crr.infd.edu.ar\/sitio\/wp-json\/wp\/v2\/types\/post"}],"author":[{"embeddable":true,"href":"https:\/\/isef-crr.infd.edu.ar\/sitio\/wp-json\/wp\/v2\/users\/666"}],"replies":[{"embeddable":true,"href":"https:\/\/isef-crr.infd.edu.ar\/sitio\/wp-json\/wp\/v2\/comments?post=1183"}],"version-history":[{"count":7,"href":"https:\/\/isef-crr.infd.edu.ar\/sitio\/wp-json\/wp\/v2\/posts\/1183\/revisions"}],"predecessor-version":[{"id":1244,"href":"https:\/\/isef-crr.infd.edu.ar\/sitio\/wp-json\/wp\/v2\/posts\/1183\/revisions\/1244"}],"wp:featuredmedia":[{"embeddable":true,"href":"https:\/\/isef-crr.infd.edu.ar\/sitio\/wp-json\/wp\/v2\/media\/1189"}],"wp:attachment":[{"href":"https:\/\/isef-crr.infd.edu.ar\/sitio\/wp-json\/wp\/v2\/media?parent=1183"}],"wp:term":[{"taxonomy":"category","embeddable":true,"href":"https:\/\/isef-crr.infd.edu.ar\/sitio\/wp-json\/wp\/v2\/categories?post=1183"},{"taxonomy":"post_tag","embeddable":true,"href":"https:\/\/isef-crr.infd.edu.ar\/sitio\/wp-json\/wp\/v2\/tags?post=1183"}],"curies":[{"name":"wp","href":"https:\/\/api.w.org\/{rel}","templated":true}]}}