{"id":1212,"date":"2020-09-15T17:16:21","date_gmt":"2020-09-15T20:16:21","guid":{"rendered":"https:\/\/isef-crr.infd.edu.ar\/sitio\/?p=1212"},"modified":"2020-10-01T11:23:27","modified_gmt":"2020-10-01T14:23:27","slug":"informacion-importante-acerca-de-inscripciones-ordinarias-a-interinatos-y-suplencias-2021","status":"publish","type":"post","link":"https:\/\/isef-crr.infd.edu.ar\/sitio\/informacion-importante-acerca-de-inscripciones-ordinarias-a-interinatos-y-suplencias-2021\/","title":{"rendered":""},"content":{"rendered":"<p><strong>INFORMACI\u00d3N IMPORTANTE ACERCA DE INSCRIPCIONES ORDINARIAS A INTERINATOS Y SUPLENCIAS 2021<\/strong><!--more--><\/p>\n<p>Debido a los asuetos administrativos, se decidi\u00f3 prorrogar la entrega de documentaciones para hacer efectiva sus inscripciones para el 28\/09 y hasta el 16\/10 inclusive, los d\u00edas LUNES, MI\u00c9RCOLES Y VIERNES seg\u00fan cronograma adjunto organizado por terminaci\u00f3n DNI y sede a saber:<!--more--><\/p>\n<p><strong>PRIMER SEMANA (del 28\/09 al 02\/10):<\/strong><br \/>\n* LUNES 28\/09: DNI 0 y 1<br \/>\n* MIERCOLES 30\/09: DNI 2 y 3<br \/>\n* VIERNES 02\/10: DNI 4 y 5<br \/>\n<strong>SEGUNDA SEMANA (del 5\/10 al 9\/10)<\/strong><br \/>\n* LUNES 05\/10: DNI 6 y 7<br \/>\n* MIERCOLES 07\/10: dni 8 y 9<br \/>\n* VIERNES 09\/10: Sede It\u00e1 Ibat\u00e9. DNI 0, 1, 2 y 3<br \/>\n<strong>TERCER SEMANA (del 12 al 16\/10)<\/strong><br \/>\n* LUNES 12: Feriado<br \/>\n* MI\u00c9RCOLES 14\/10: Sede it\u00e1 ibat\u00e9 DNI 4, 5 y 6<br \/>\n* VIERNES 16\/10: Sede it\u00e1 ibat\u00e9 DNI 7, 8 y 9<br \/>\nHORARIO: de 8:00 a 11:00 hs.<br \/>\nLUGAR: Secretar\u00eda de ISEF (Avda. Patagonia 1801)<\/p>\n<p><span style=\"color: #ff0000;\">Por favor respetar los d\u00edas asignados por DNI para evitar aglomeraciones y respetar el protocolo para cuidarnos entre todos.<\/span><\/p>\n<p><strong>DOCUMENTACI\u00d3N A PRESENTAR PARA LA INSCRIPCI\u00d3N:\u00a0<\/strong><br \/>\nLa documentaci\u00f3n debe presentarse de manera foliada en todas sus fojas y debe estar organizada de la siguiente manera:<br \/>\n<strong>Ficha de Inscripci\u00f3n<\/strong><br \/>\n<strong>Solicitud de inscripci\u00f3n con \u00edndice de la documentaci\u00f3n presentada<\/strong><br \/>\n<strong>T\u00edtulos. Posgrados. Post\u00edtulos.<\/strong><br \/>\n<strong>Antecedentes Espec\u00edficos.<\/strong><br \/>\n<strong>Antecedentes Generales.<\/strong><br \/>\n<strong>Constancias laborales y de antig\u00fcedad.<\/strong><\/p>\n<p>&#8211; La ficha de inscripci\u00f3n que tenga raspaduras, enmiendas y\/o datos incompletos ser\u00e1 desestimada.<br \/>\n&#8211; Todas las fotocopias de t\u00edtulos y antecedentes deben estar autenticadas o certificadas por Organismo de Origen, Escribano o Juez de Paz.<br \/>\n&#8211; El docente que se inscribe por primera vez en la Instituci\u00f3n, deber\u00e1 presentar la documentaci\u00f3n antes mencionada en carpeta de tres solapas, donde constatar\u00e1 en la tapa: Apellido, nombre y D.N.I. Esta carpeta se constituir\u00e1 en la \u00abCarpeta \u00fanica de Antecedentes Profesionales\u201d.<br \/>\n&#8211; El docente que ya posee \u201cCarpeta \u00danica de antecedentes profesionales\u201d, s\u00f3lo presentar\u00e1 la documentaci\u00f3n a agregar, si corresponde, y debe abstenerse de presentar documentaci\u00f3n repetida como T\u00edtulo\/s, Cursos, Jornadas, etc.<br \/>\n&#8211; En ambos casos asegurar la documentaci\u00f3n con broche nepaco (no se recibir\u00e1n \u00abhojas sueltas\u00bb)<br \/>\n&#8211; La valoraci\u00f3n de T\u00edtulos y Antecedentes se determinar\u00e1 por la Resoluci\u00f3n Ministerial N\u00b0 5293\/16.<br \/>\n&#8211; El costo de la inscripci\u00f3n es de $100<\/p>\n","protected":false},"excerpt":{"rendered":"<p>INFORMACI\u00d3N IMPORTANTE ACERCA DE INSCRIPCIONES ORDINARIAS A INTERINATOS Y SUPLENCIAS 2021<\/p>\n","protected":false},"author":666,"featured_media":1216,"comment_status":"open","ping_status":"open","sticky":false,"template":"","format":"standard","meta":[],"categories":[45],"tags":[50,51],"acf":[],"_links":{"self":[{"href":"https:\/\/isef-crr.infd.edu.ar\/sitio\/wp-json\/wp\/v2\/posts\/1212"}],"collection":[{"href":"https:\/\/isef-crr.infd.edu.ar\/sitio\/wp-json\/wp\/v2\/posts"}],"about":[{"href":"https:\/\/isef-crr.infd.edu.ar\/sitio\/wp-json\/wp\/v2\/types\/post"}],"author":[{"embeddable":true,"href":"https:\/\/isef-crr.infd.edu.ar\/sitio\/wp-json\/wp\/v2\/users\/666"}],"replies":[{"embeddable":true,"href":"https:\/\/isef-crr.infd.edu.ar\/sitio\/wp-json\/wp\/v2\/comments?post=1212"}],"version-history":[{"count":10,"href":"https:\/\/isef-crr.infd.edu.ar\/sitio\/wp-json\/wp\/v2\/posts\/1212\/revisions"}],"predecessor-version":[{"id":1237,"href":"https:\/\/isef-crr.infd.edu.ar\/sitio\/wp-json\/wp\/v2\/posts\/1212\/revisions\/1237"}],"wp:featuredmedia":[{"embeddable":true,"href":"https:\/\/isef-crr.infd.edu.ar\/sitio\/wp-json\/wp\/v2\/media\/1216"}],"wp:attachment":[{"href":"https:\/\/isef-crr.infd.edu.ar\/sitio\/wp-json\/wp\/v2\/media?parent=1212"}],"wp:term":[{"taxonomy":"category","embeddable":true,"href":"https:\/\/isef-crr.infd.edu.ar\/sitio\/wp-json\/wp\/v2\/categories?post=1212"},{"taxonomy":"post_tag","embeddable":true,"href":"https:\/\/isef-crr.infd.edu.ar\/sitio\/wp-json\/wp\/v2\/tags?post=1212"}],"curies":[{"name":"wp","href":"https:\/\/api.w.org\/{rel}","templated":true}]}}