{"id":1233,"date":"2020-09-30T17:18:11","date_gmt":"2020-09-30T20:18:11","guid":{"rendered":"https:\/\/isef-crr.infd.edu.ar\/sitio\/?p=1233"},"modified":"2020-10-01T11:18:50","modified_gmt":"2020-10-01T14:18:50","slug":"ofertas-de-cursos-de-capacitacion","status":"publish","type":"post","link":"https:\/\/isef-crr.infd.edu.ar\/sitio\/ofertas-de-cursos-de-capacitacion\/","title":{"rendered":"Ofertas de cursos de Capacitaci\u00f3n"},"content":{"rendered":"<p>La Coordinaci\u00f3n de Formaci\u00f3n Docente Continua del Instituto Superior de Educaci\u00f3n F\u00edsica \u201cProfesor Antonio Alejandro \u00c1lvarez\u201d <!--more-->a cargo de la Profesora Nancy Segovia, informa que ma\u00f1ana se habilitara la inscripci\u00f3n a los cursos de capacitaci\u00f3n para profesores de Educaci\u00f3n F\u00edsica y para Profesores en general, a trav\u00e9s del sistema SIMA.<\/p>\n<p>En el Banner encontraran los datos necesarios. \u00a0<img decoding=\"async\" loading=\"lazy\" class=\"alignnone size-medium wp-image-1234\" src=\"https:\/\/isef-crr.infd.edu.ar\/sitio\/wp-content\/uploads\/2020\/09\/WhatsApp-Image-2020-09-30-at-14.54.11-1000x1000.jpeg\" alt=\"\" width=\"1000\" height=\"1000\" srcset=\"https:\/\/isef-crr.infd.edu.ar\/sitio\/wp-content\/uploads\/2020\/09\/WhatsApp-Image-2020-09-30-at-14.54.11-1000x1000.jpeg 1000w, https:\/\/isef-crr.infd.edu.ar\/sitio\/wp-content\/uploads\/2020\/09\/WhatsApp-Image-2020-09-30-at-14.54.11-500x500.jpeg 500w, https:\/\/isef-crr.infd.edu.ar\/sitio\/wp-content\/uploads\/2020\/09\/WhatsApp-Image-2020-09-30-at-14.54.11-768x768.jpeg 768w, https:\/\/isef-crr.infd.edu.ar\/sitio\/wp-content\/uploads\/2020\/09\/WhatsApp-Image-2020-09-30-at-14.54.11.jpeg 1280w\" sizes=\"(max-width: 1000px) 100vw, 1000px\" \/><\/p>\n","protected":false},"excerpt":{"rendered":"<p>La Coordinaci\u00f3n de Formaci\u00f3n Docente Continua del Instituto Superior de Educaci\u00f3n F\u00edsica \u201cProfesor Antonio Alejandro \u00c1lvarez\u201d<\/p>\n","protected":false},"author":321,"featured_media":1234,"comment_status":"open","ping_status":"open","sticky":false,"template":"","format":"standard","meta":[],"categories":[1],"tags":[55],"acf":[],"_links":{"self":[{"href":"https:\/\/isef-crr.infd.edu.ar\/sitio\/wp-json\/wp\/v2\/posts\/1233"}],"collection":[{"href":"https:\/\/isef-crr.infd.edu.ar\/sitio\/wp-json\/wp\/v2\/posts"}],"about":[{"href":"https:\/\/isef-crr.infd.edu.ar\/sitio\/wp-json\/wp\/v2\/types\/post"}],"author":[{"embeddable":true,"href":"https:\/\/isef-crr.infd.edu.ar\/sitio\/wp-json\/wp\/v2\/users\/321"}],"replies":[{"embeddable":true,"href":"https:\/\/isef-crr.infd.edu.ar\/sitio\/wp-json\/wp\/v2\/comments?post=1233"}],"version-history":[{"count":2,"href":"https:\/\/isef-crr.infd.edu.ar\/sitio\/wp-json\/wp\/v2\/posts\/1233\/revisions"}],"predecessor-version":[{"id":1236,"href":"https:\/\/isef-crr.infd.edu.ar\/sitio\/wp-json\/wp\/v2\/posts\/1233\/revisions\/1236"}],"wp:featuredmedia":[{"embeddable":true,"href":"https:\/\/isef-crr.infd.edu.ar\/sitio\/wp-json\/wp\/v2\/media\/1234"}],"wp:attachment":[{"href":"https:\/\/isef-crr.infd.edu.ar\/sitio\/wp-json\/wp\/v2\/media?parent=1233"}],"wp:term":[{"taxonomy":"category","embeddable":true,"href":"https:\/\/isef-crr.infd.edu.ar\/sitio\/wp-json\/wp\/v2\/categories?post=1233"},{"taxonomy":"post_tag","embeddable":true,"href":"https:\/\/isef-crr.infd.edu.ar\/sitio\/wp-json\/wp\/v2\/tags?post=1233"}],"curies":[{"name":"wp","href":"https:\/\/api.w.org\/{rel}","templated":true}]}}