{"id":1274,"date":"2020-11-04T11:41:17","date_gmt":"2020-11-04T14:41:17","guid":{"rendered":"https:\/\/isef-crr.infd.edu.ar\/sitio\/?p=1274"},"modified":"2020-11-04T11:47:52","modified_gmt":"2020-11-04T14:47:52","slug":"reunion-con-delegados","status":"publish","type":"post","link":"https:\/\/isef-crr.infd.edu.ar\/sitio\/reunion-con-delegados\/","title":{"rendered":"Reuni\u00f3n con delegados estudiantiles"},"content":{"rendered":"<p>La Coordinadora de Pol\u00edticas Estudiantiles del Instituto Superior de Educaci\u00f3n F\u00edsica \u00abProf. Antonio Alejandro Alvarez\u00bb Profesora Noelia Nu\u00f1ez <!--more-->se reuni\u00f3 con Delegados estudiantiles de la Sede Capital, Sub-sede Ituzaing\u00f3 y de la Extensi\u00f3n a\u00falica de It\u00e1 Ibat\u00e9 para abordar temas relacionados a la trayectoria de los alumnos en el contexto del Aislamiento Social Preventivo y Obligatorio.<\/p>\n<p><img decoding=\"async\" loading=\"lazy\" class=\"alignnone size-medium wp-image-1275\" src=\"https:\/\/isef-crr.infd.edu.ar\/sitio\/wp-content\/uploads\/2020\/11\/CIPE-1-1000x576.jpg\" alt=\"\" width=\"1000\" height=\"576\" srcset=\"https:\/\/isef-crr.infd.edu.ar\/sitio\/wp-content\/uploads\/2020\/11\/CIPE-1-1000x576.jpg 1000w, https:\/\/isef-crr.infd.edu.ar\/sitio\/wp-content\/uploads\/2020\/11\/CIPE-1-768x442.jpg 768w, https:\/\/isef-crr.infd.edu.ar\/sitio\/wp-content\/uploads\/2020\/11\/CIPE-1.jpg 1033w\" sizes=\"(max-width: 1000px) 100vw, 1000px\" \/><\/p>\n","protected":false},"excerpt":{"rendered":"<p>La Coordinadora de Pol\u00edticas Estudiantiles del Instituto Superior de Educaci\u00f3n F\u00edsica \u00abProf. Antonio Alejandro Alvarez\u00bb Profesora Noelia Nu\u00f1ez<\/p>\n","protected":false},"author":666,"featured_media":1281,"comment_status":"open","ping_status":"open","sticky":false,"template":"","format":"standard","meta":[],"categories":[27,21],"tags":[],"acf":[],"_links":{"self":[{"href":"https:\/\/isef-crr.infd.edu.ar\/sitio\/wp-json\/wp\/v2\/posts\/1274"}],"collection":[{"href":"https:\/\/isef-crr.infd.edu.ar\/sitio\/wp-json\/wp\/v2\/posts"}],"about":[{"href":"https:\/\/isef-crr.infd.edu.ar\/sitio\/wp-json\/wp\/v2\/types\/post"}],"author":[{"embeddable":true,"href":"https:\/\/isef-crr.infd.edu.ar\/sitio\/wp-json\/wp\/v2\/users\/666"}],"replies":[{"embeddable":true,"href":"https:\/\/isef-crr.infd.edu.ar\/sitio\/wp-json\/wp\/v2\/comments?post=1274"}],"version-history":[{"count":7,"href":"https:\/\/isef-crr.infd.edu.ar\/sitio\/wp-json\/wp\/v2\/posts\/1274\/revisions"}],"predecessor-version":[{"id":1284,"href":"https:\/\/isef-crr.infd.edu.ar\/sitio\/wp-json\/wp\/v2\/posts\/1274\/revisions\/1284"}],"wp:featuredmedia":[{"embeddable":true,"href":"https:\/\/isef-crr.infd.edu.ar\/sitio\/wp-json\/wp\/v2\/media\/1281"}],"wp:attachment":[{"href":"https:\/\/isef-crr.infd.edu.ar\/sitio\/wp-json\/wp\/v2\/media?parent=1274"}],"wp:term":[{"taxonomy":"category","embeddable":true,"href":"https:\/\/isef-crr.infd.edu.ar\/sitio\/wp-json\/wp\/v2\/categories?post=1274"},{"taxonomy":"post_tag","embeddable":true,"href":"https:\/\/isef-crr.infd.edu.ar\/sitio\/wp-json\/wp\/v2\/tags?post=1274"}],"curies":[{"name":"wp","href":"https:\/\/api.w.org\/{rel}","templated":true}]}}