{"id":1285,"date":"2020-11-05T12:01:52","date_gmt":"2020-11-05T15:01:52","guid":{"rendered":"https:\/\/isef-crr.infd.edu.ar\/sitio\/?p=1285"},"modified":"2020-11-05T12:04:20","modified_gmt":"2020-11-05T15:04:20","slug":"inscripcion-para-cargo-en-la-coordinacion-de-investigacion","status":"publish","type":"post","link":"https:\/\/isef-crr.infd.edu.ar\/sitio\/inscripcion-para-cargo-en-la-coordinacion-de-investigacion\/","title":{"rendered":"Inscripci\u00f3n para cargo  Coordinaci\u00f3n de Investigaci\u00f3n"},"content":{"rendered":"<h2 style=\"text-align: center;\">SEGUNDO LLAMADO<\/h2>\n<p style=\"text-align: left;\">A los Docentes del<br \/>\nDel Instituto Superior de Educaci\u00f3n F\u00edsica<br \/>\nProfesor Antonio Alejandro \u00c1lvarez:<\/p>\n<p style=\"text-align: left;\">Se informa por este medio que se encuentra abierta la inscripci\u00f3n <!--more-->para cubrir el cargo en la Coordinaci\u00f3n de Investigaci\u00f3n, en car\u00e1cter interino, desde el lunes 9\/11 y hasta el d\u00eda 11\/11 a las 11:30 hs.<br \/>\nPara misma se les recuerda ajustarse al Art: 43 y Art: 49 de la RM 1455\/14.<br \/>\nLa documentaci\u00f3n deber\u00e1 ser presentada por la Secretaria de la Instituci\u00f3n en el horario de 8:00 a 11; 30hs.<br \/>\nSin otro particular y quedando a vuestra disposici\u00f3n, saludo a Uds. atentamente.<\/p>\n<p style=\"text-align: left;\">\u00a0 \u00a0 \u00a0 \u00a0 \u00a0 \u00a0 \u00a0 \u00a0 \u00a0 \u00a0 \u00a0 \u00a0 \u00a0 \u00a0 \u00a0 \u00a0 \u00a0 \u00a0 \u00a0 \u00a0 \u00a0 \u00a0 \u00a0 \u00a0 \u00a0 \u00a0 \u00a0 \u00a0 \u00a0 \u00a0 \u00a0 \u00a0 \u00a0 \u00a0 \u00a0 \u00a0 \u00a0 \u00a0 \u00a0 \u00a0 \u00a0 \u00a0 \u00a0 \u00a0 \u00a0 \u00a0 \u00a0 \u00a0 \u00a0 \u00a0 El Rectorado.<\/p>\n","protected":false},"excerpt":{"rendered":"<p>SEGUNDO LLAMADO A los Docentes del Del Instituto Superior de Educaci\u00f3n F\u00edsica Profesor Antonio Alejandro \u00c1lvarez: Se informa por este medio que se encuentra abierta la inscripci\u00f3n<\/p>\n","protected":false},"author":666,"featured_media":0,"comment_status":"open","ping_status":"open","sticky":false,"template":"","format":"standard","meta":[],"categories":[15],"tags":[16,42,59],"acf":[],"_links":{"self":[{"href":"https:\/\/isef-crr.infd.edu.ar\/sitio\/wp-json\/wp\/v2\/posts\/1285"}],"collection":[{"href":"https:\/\/isef-crr.infd.edu.ar\/sitio\/wp-json\/wp\/v2\/posts"}],"about":[{"href":"https:\/\/isef-crr.infd.edu.ar\/sitio\/wp-json\/wp\/v2\/types\/post"}],"author":[{"embeddable":true,"href":"https:\/\/isef-crr.infd.edu.ar\/sitio\/wp-json\/wp\/v2\/users\/666"}],"replies":[{"embeddable":true,"href":"https:\/\/isef-crr.infd.edu.ar\/sitio\/wp-json\/wp\/v2\/comments?post=1285"}],"version-history":[{"count":8,"href":"https:\/\/isef-crr.infd.edu.ar\/sitio\/wp-json\/wp\/v2\/posts\/1285\/revisions"}],"predecessor-version":[{"id":1293,"href":"https:\/\/isef-crr.infd.edu.ar\/sitio\/wp-json\/wp\/v2\/posts\/1285\/revisions\/1293"}],"wp:attachment":[{"href":"https:\/\/isef-crr.infd.edu.ar\/sitio\/wp-json\/wp\/v2\/media?parent=1285"}],"wp:term":[{"taxonomy":"category","embeddable":true,"href":"https:\/\/isef-crr.infd.edu.ar\/sitio\/wp-json\/wp\/v2\/categories?post=1285"},{"taxonomy":"post_tag","embeddable":true,"href":"https:\/\/isef-crr.infd.edu.ar\/sitio\/wp-json\/wp\/v2\/tags?post=1285"}],"curies":[{"name":"wp","href":"https:\/\/api.w.org\/{rel}","templated":true}]}}