{"id":1373,"date":"2020-11-30T17:27:57","date_gmt":"2020-11-30T20:27:57","guid":{"rendered":"https:\/\/isef-crr.infd.edu.ar\/sitio\/?p=1373"},"modified":"2020-12-10T09:33:25","modified_gmt":"2020-12-10T12:33:25","slug":"pre-inscripcion-isef-nueva-fecha","status":"publish","type":"post","link":"https:\/\/isef-crr.infd.edu.ar\/sitio\/pre-inscripcion-isef-nueva-fecha\/","title":{"rendered":"Pre Inscripci\u00f3n ISEF 2021: nueva fecha."},"content":{"rendered":"<p>Fecha de apertura: a partir del viernes 11 de diciembre a las 7:00 horas y hasta completar el cupo disponible.<!--more--><\/p>\n<p><img decoding=\"async\" loading=\"lazy\" class=\"alignnone size-full wp-image-1377\" src=\"https:\/\/isef-crr.infd.edu.ar\/sitio\/wp-content\/uploads\/2020\/11\/IMG_6045.jpg\" alt=\"\" width=\"750\" height=\"674\" \/><\/p>\n<p>&nbsp;<\/p>\n<p>Link para la pre-Inscripci\u00f3n:<\/p>\n<p><a href=\"http:\/\/simaeducativa.mec.gob.ar\/ingresantes\/\">http:\/\/simaeducativa.mec.gob.ar\/ingresantes\/<\/a><\/p>\n<p>&nbsp;<\/p>\n<p>Requisitos:<\/p>\n<p><a href=\"https:\/\/drive.google.com\/file\/d\/1OtB23t7npGxeE2wLwsAoUibyVEcJg2X5\">https:\/\/drive.google.com\/file\/d\/1OtB23t7npGxeE2wLwsAoUibyVEcJg2X5<\/a><\/p>\n<p>Los requisitos deber\u00e1n ser presentados en la instituci\u00f3n, luego de la pre-inscripci\u00f3n. Se realizar\u00e1 con turnos y fecha a confirmar.<\/p>\n","protected":false},"excerpt":{"rendered":"<p>Fecha de apertura: a partir del viernes 11 de diciembre a las 7:00 horas y hasta completar el cupo disponible.<\/p>\n","protected":false},"author":666,"featured_media":1377,"comment_status":"open","ping_status":"open","sticky":false,"template":"","format":"standard","meta":[],"categories":[1],"tags":[],"acf":[],"_links":{"self":[{"href":"https:\/\/isef-crr.infd.edu.ar\/sitio\/wp-json\/wp\/v2\/posts\/1373"}],"collection":[{"href":"https:\/\/isef-crr.infd.edu.ar\/sitio\/wp-json\/wp\/v2\/posts"}],"about":[{"href":"https:\/\/isef-crr.infd.edu.ar\/sitio\/wp-json\/wp\/v2\/types\/post"}],"author":[{"embeddable":true,"href":"https:\/\/isef-crr.infd.edu.ar\/sitio\/wp-json\/wp\/v2\/users\/666"}],"replies":[{"embeddable":true,"href":"https:\/\/isef-crr.infd.edu.ar\/sitio\/wp-json\/wp\/v2\/comments?post=1373"}],"version-history":[{"count":12,"href":"https:\/\/isef-crr.infd.edu.ar\/sitio\/wp-json\/wp\/v2\/posts\/1373\/revisions"}],"predecessor-version":[{"id":1394,"href":"https:\/\/isef-crr.infd.edu.ar\/sitio\/wp-json\/wp\/v2\/posts\/1373\/revisions\/1394"}],"wp:featuredmedia":[{"embeddable":true,"href":"https:\/\/isef-crr.infd.edu.ar\/sitio\/wp-json\/wp\/v2\/media\/1377"}],"wp:attachment":[{"href":"https:\/\/isef-crr.infd.edu.ar\/sitio\/wp-json\/wp\/v2\/media?parent=1373"}],"wp:term":[{"taxonomy":"category","embeddable":true,"href":"https:\/\/isef-crr.infd.edu.ar\/sitio\/wp-json\/wp\/v2\/categories?post=1373"},{"taxonomy":"post_tag","embeddable":true,"href":"https:\/\/isef-crr.infd.edu.ar\/sitio\/wp-json\/wp\/v2\/tags?post=1373"}],"curies":[{"name":"wp","href":"https:\/\/api.w.org\/{rel}","templated":true}]}}