{"id":1395,"date":"2021-02-17T09:17:45","date_gmt":"2021-02-17T12:17:45","guid":{"rendered":"https:\/\/isef-crr.infd.edu.ar\/sitio\/?p=1395"},"modified":"2021-02-17T12:07:55","modified_gmt":"2021-02-17T15:07:55","slug":"1395-2","status":"publish","type":"post","link":"https:\/\/isef-crr.infd.edu.ar\/sitio\/1395-2\/","title":{"rendered":"ATENCI\u00d3N PRE INGRESANTES"},"content":{"rendered":"<p>El Instituto Superior de Educaci\u00f3n F\u00edsica \u201cAntonio Alejandro \u00c1lvarez\u201d informa que la presentaci\u00f3n de las documentaciones correspondiente a la pre inscripci\u00f3n de los d\u00edas 17,18 y 19 de febrero se realizar\u00e1n los d\u00edas 1,2 y 3 de marzo en el mismo horario generado oportunamente.<\/p>\n<p>17\/02 pasa al 01\/03<\/p>\n<p>18\/02 pasa al 02\/03<\/p>\n<p>19\/02 pasa al 03\/03.<\/p>\n<p>&nbsp;<\/p>\n<p>P\u00e1gina oficial del Instituto:\u00a0 <a href=\"https:\/\/isef-crr.infd.edu.ar\/sitio\/\">https:\/\/isef-crr.infd.edu.ar\/sitio\/<\/a><\/p>\n","protected":false},"excerpt":{"rendered":"<p>El Instituto Superior de Educaci\u00f3n F\u00edsica \u201cAntonio Alejandro \u00c1lvarez\u201d informa que la presentaci\u00f3n de las documentaciones correspondiente a la pre inscripci\u00f3n de los d\u00edas 17,18 y 19 de febrero se realizar\u00e1n los d\u00edas 1,2 y 3 de marzo en el mismo horario generado oportunamente. 17\/02 pasa al 01\/03 18\/02 pasa al 02\/03 19\/02 pasa al &#8230; <a title=\"ATENCI\u00d3N PRE INGRESANTES\" class=\"read-more\" href=\"https:\/\/isef-crr.infd.edu.ar\/sitio\/1395-2\/\" aria-label=\"More on ATENCI\u00d3N PRE INGRESANTES\">[+]<\/a><\/p>\n","protected":false},"author":666,"featured_media":1216,"comment_status":"open","ping_status":"open","sticky":false,"template":"","format":"standard","meta":[],"categories":[15],"tags":[66],"acf":[],"_links":{"self":[{"href":"https:\/\/isef-crr.infd.edu.ar\/sitio\/wp-json\/wp\/v2\/posts\/1395"}],"collection":[{"href":"https:\/\/isef-crr.infd.edu.ar\/sitio\/wp-json\/wp\/v2\/posts"}],"about":[{"href":"https:\/\/isef-crr.infd.edu.ar\/sitio\/wp-json\/wp\/v2\/types\/post"}],"author":[{"embeddable":true,"href":"https:\/\/isef-crr.infd.edu.ar\/sitio\/wp-json\/wp\/v2\/users\/666"}],"replies":[{"embeddable":true,"href":"https:\/\/isef-crr.infd.edu.ar\/sitio\/wp-json\/wp\/v2\/comments?post=1395"}],"version-history":[{"count":6,"href":"https:\/\/isef-crr.infd.edu.ar\/sitio\/wp-json\/wp\/v2\/posts\/1395\/revisions"}],"predecessor-version":[{"id":1403,"href":"https:\/\/isef-crr.infd.edu.ar\/sitio\/wp-json\/wp\/v2\/posts\/1395\/revisions\/1403"}],"wp:featuredmedia":[{"embeddable":true,"href":"https:\/\/isef-crr.infd.edu.ar\/sitio\/wp-json\/wp\/v2\/media\/1216"}],"wp:attachment":[{"href":"https:\/\/isef-crr.infd.edu.ar\/sitio\/wp-json\/wp\/v2\/media?parent=1395"}],"wp:term":[{"taxonomy":"category","embeddable":true,"href":"https:\/\/isef-crr.infd.edu.ar\/sitio\/wp-json\/wp\/v2\/categories?post=1395"},{"taxonomy":"post_tag","embeddable":true,"href":"https:\/\/isef-crr.infd.edu.ar\/sitio\/wp-json\/wp\/v2\/tags?post=1395"}],"curies":[{"name":"wp","href":"https:\/\/api.w.org\/{rel}","templated":true}]}}