{"id":1637,"date":"2021-04-27T11:09:58","date_gmt":"2021-04-27T14:09:58","guid":{"rendered":"https:\/\/isef-crr.infd.edu.ar\/sitio\/?p=1637"},"modified":"2021-04-27T11:33:58","modified_gmt":"2021-04-27T14:33:58","slug":"llamado-extraordinario-para-subsede-ituzaingo","status":"publish","type":"post","link":"https:\/\/isef-crr.infd.edu.ar\/sitio\/llamado-extraordinario-para-subsede-ituzaingo\/","title":{"rendered":"Llamado extraordinario para subsede Ituzaing\u00f3"},"content":{"rendered":"<p><!--more--><\/p>\n<p><span style=\"font-weight: 400;\">Corrientes, 27 de Abril de 2021<\/span><\/p>\n<p><span style=\"font-weight: 400;\">El Instituto Superior de Educaci\u00f3n F\u00edsica convoca a Inscripci\u00f3n Extraordinaria desde la fecha y hasta el 29 del corriente mes, para cubrir horas Interinas en el espacio curricular <\/span><b>Fisiolog\u00eda y Motricidad<\/b><span style=\"font-weight: 400;\"> correspondiente al <\/span><b>2do a\u00f1o<\/b><span style=\"font-weight: 400;\"> de la carrera del Profesorado de Educaci\u00f3n F\u00edsica de la <\/span><b>subsede Ituzaing\u00f3<\/b><span style=\"font-weight: 400;\">.<\/span><\/p>\n<p><span style=\"font-weight: 400;\">La pre-inscripci\u00f3n se realiza por plataforma SIMA educativa, y la recepci\u00f3n de documentaci\u00f3n de los aspirantes se realizar\u00e1 en la misma subsede, de 19 a 21 horas.<\/span><\/p>\n<p>&nbsp;<\/p>\n<p>&nbsp;<\/p>\n<p>Link para la inscripci\u00f3n<\/p>\n<p><a href=\"http:\/\/simaeducativa.mec.gob.ar\/modulo\/interinatoysuplencia\/?efisica\">http:\/\/simaeducativa.mec.gob.ar\/modulo\/interinatoysuplencia\/?efisica<\/a><\/p>\n","protected":false},"excerpt":{"rendered":"","protected":false},"author":2791,"featured_media":1641,"comment_status":"open","ping_status":"open","sticky":false,"template":"","format":"standard","meta":[],"categories":[15,79,45],"tags":[86,87,88,85],"acf":[],"_links":{"self":[{"href":"https:\/\/isef-crr.infd.edu.ar\/sitio\/wp-json\/wp\/v2\/posts\/1637"}],"collection":[{"href":"https:\/\/isef-crr.infd.edu.ar\/sitio\/wp-json\/wp\/v2\/posts"}],"about":[{"href":"https:\/\/isef-crr.infd.edu.ar\/sitio\/wp-json\/wp\/v2\/types\/post"}],"author":[{"embeddable":true,"href":"https:\/\/isef-crr.infd.edu.ar\/sitio\/wp-json\/wp\/v2\/users\/2791"}],"replies":[{"embeddable":true,"href":"https:\/\/isef-crr.infd.edu.ar\/sitio\/wp-json\/wp\/v2\/comments?post=1637"}],"version-history":[{"count":4,"href":"https:\/\/isef-crr.infd.edu.ar\/sitio\/wp-json\/wp\/v2\/posts\/1637\/revisions"}],"predecessor-version":[{"id":1642,"href":"https:\/\/isef-crr.infd.edu.ar\/sitio\/wp-json\/wp\/v2\/posts\/1637\/revisions\/1642"}],"wp:featuredmedia":[{"embeddable":true,"href":"https:\/\/isef-crr.infd.edu.ar\/sitio\/wp-json\/wp\/v2\/media\/1641"}],"wp:attachment":[{"href":"https:\/\/isef-crr.infd.edu.ar\/sitio\/wp-json\/wp\/v2\/media?parent=1637"}],"wp:term":[{"taxonomy":"category","embeddable":true,"href":"https:\/\/isef-crr.infd.edu.ar\/sitio\/wp-json\/wp\/v2\/categories?post=1637"},{"taxonomy":"post_tag","embeddable":true,"href":"https:\/\/isef-crr.infd.edu.ar\/sitio\/wp-json\/wp\/v2\/tags?post=1637"}],"curies":[{"name":"wp","href":"https:\/\/api.w.org\/{rel}","templated":true}]}}