{"id":1654,"date":"2021-05-11T14:30:25","date_gmt":"2021-05-11T17:30:25","guid":{"rendered":"https:\/\/isef-crr.infd.edu.ar\/sitio\/?p=1654"},"modified":"2021-05-11T14:43:26","modified_gmt":"2021-05-11T17:43:26","slug":"nscripcion-extraordinaria-horas-interinas-en-el-espacio-curricular-fisiologia-y-motricidad-subsede-ituzaingo","status":"publish","type":"post","link":"https:\/\/isef-crr.infd.edu.ar\/sitio\/nscripcion-extraordinaria-horas-interinas-en-el-espacio-curricular-fisiologia-y-motricidad-subsede-ituzaingo\/","title":{"rendered":"Inscripci\u00f3n Extraordinaria  horas Interinas en el espacio curricular Fisiolog\u00eda y Motricidad, subsede Ituzaing\u00f3."},"content":{"rendered":"<p style=\"text-align: right;\"><span style=\"font-weight: 400;\"><img decoding=\"async\" loading=\"lazy\" class=\"size-full wp-image-1655 aligncenter\" src=\"https:\/\/isef-crr.infd.edu.ar\/sitio\/wp-content\/uploads\/2021\/05\/Extraordinaria-Itu.png\" alt=\"\" width=\"520\" height=\"494\" \/><\/span><\/p>\n<p style=\"text-align: right;\"><span style=\"font-weight: 400;\">Corrientes, 11 de Mayo de 2021<\/span><\/p>\n<p><span style=\"font-weight: 400;\">\u00a0El Instituto Superior de Educaci\u00f3n F\u00edsica \u201cProf. Antonio A. \u00c1lvarez\u201d convoca a segunda Inscripci\u00f3n Extraordinaria desde la fecha y hasta el 13 del corriente mes, para cubrir horas Interinas en el espacio curricular\u00a0<\/span><b>Fisiolog\u00eda y Motricidad<\/b><span style=\"font-weight: 400;\"> correspondiente al <\/span><b>2do a\u00f1o<\/b><span style=\"font-weight: 400;\"> de la carrera del Profesorado de Educaci\u00f3n F\u00edsica de la <\/span><b>subsede Ituzaing\u00f3<\/b><span style=\"font-weight: 400;\">.<\/span><\/p>\n<p><span style=\"font-weight: 400;\">La pre-inscripci\u00f3n se realiza por plataforma SIMA educativa por el link <\/span><a href=\"http:\/\/simaeducativa.mec.gob.ar\/modulo\/interinatoysuplencia\/?efisica\"><span style=\"font-weight: 400;\">http:\/\/simaeducativa.mec.gob.ar\/modulo\/interinatoysuplencia\/?efisica<\/span><\/a><span style=\"font-weight: 400;\"> y la recepci\u00f3n de documentaci\u00f3n de los aspirantes se realizar\u00e1 en la misma subsede, de 19 a 21 horas.<\/span><\/p>\n<p><span style=\"font-weight: 400;\">El perfil docente para dicho espacio curricular es:<\/span><\/p>\n<ul>\n<li style=\"font-weight: 400;\" aria-level=\"1\"><span style=\"font-weight: 400;\">Profesor de Educaci\u00f3n F\u00edsica y con formaci\u00f3n en Medicina o Kinesiolog\u00eda.<\/span><\/li>\n<li style=\"font-weight: 400;\" aria-level=\"1\"><span style=\"font-weight: 400;\">Profesionales universitarios m\u00e9dicos o kinesi\u00f3logos con formaci\u00f3n docente complementaria.<\/span><\/li>\n<\/ul>\n<p><span style=\"font-weight: 400;\">\u00a0 \u00a0 \u00a0 \u00a0 \u00a0 \u00a0 \u00a0 \u00a0 \u00a0 \u00a0 \u00a0 \u00a0 \u00a0 \u00a0 \u00a0 \u00a0 \u00a0 \u00a0 \u00a0 \u00a0 \u00a0 \u00a0 \u00a0 \u00a0 \u00a0 \u00a0 \u00a0 \u00a0 \u00a0 \u00a0 \u00a0 \u00a0 Sin otro particular los saludo atentamente.-<\/span><\/p>\n","protected":false},"excerpt":{"rendered":"<p>Corrientes, 11 de Mayo de 2021 \u00a0El Instituto Superior de Educaci\u00f3n F\u00edsica \u201cProf. Antonio A. \u00c1lvarez\u201d convoca a segunda Inscripci\u00f3n Extraordinaria desde la fecha y hasta el 13 del corriente mes, para cubrir horas Interinas en el espacio curricular\u00a0Fisiolog\u00eda y Motricidad correspondiente al 2do a\u00f1o de la carrera del Profesorado de Educaci\u00f3n F\u00edsica de la &#8230; <a title=\"Inscripci\u00f3n Extraordinaria  horas Interinas en el espacio curricular Fisiolog\u00eda y Motricidad, subsede Ituzaing\u00f3.\" class=\"read-more\" href=\"https:\/\/isef-crr.infd.edu.ar\/sitio\/nscripcion-extraordinaria-horas-interinas-en-el-espacio-curricular-fisiologia-y-motricidad-subsede-ituzaingo\/\" aria-label=\"More on Inscripci\u00f3n Extraordinaria  horas Interinas en el espacio curricular Fisiolog\u00eda y Motricidad, subsede Ituzaing\u00f3.\">[+]<\/a><\/p>\n","protected":false},"author":594,"featured_media":0,"comment_status":"open","ping_status":"open","sticky":false,"template":"","format":"standard","meta":[],"categories":[1],"tags":[],"acf":[],"_links":{"self":[{"href":"https:\/\/isef-crr.infd.edu.ar\/sitio\/wp-json\/wp\/v2\/posts\/1654"}],"collection":[{"href":"https:\/\/isef-crr.infd.edu.ar\/sitio\/wp-json\/wp\/v2\/posts"}],"about":[{"href":"https:\/\/isef-crr.infd.edu.ar\/sitio\/wp-json\/wp\/v2\/types\/post"}],"author":[{"embeddable":true,"href":"https:\/\/isef-crr.infd.edu.ar\/sitio\/wp-json\/wp\/v2\/users\/594"}],"replies":[{"embeddable":true,"href":"https:\/\/isef-crr.infd.edu.ar\/sitio\/wp-json\/wp\/v2\/comments?post=1654"}],"version-history":[{"count":4,"href":"https:\/\/isef-crr.infd.edu.ar\/sitio\/wp-json\/wp\/v2\/posts\/1654\/revisions"}],"predecessor-version":[{"id":1659,"href":"https:\/\/isef-crr.infd.edu.ar\/sitio\/wp-json\/wp\/v2\/posts\/1654\/revisions\/1659"}],"wp:attachment":[{"href":"https:\/\/isef-crr.infd.edu.ar\/sitio\/wp-json\/wp\/v2\/media?parent=1654"}],"wp:term":[{"taxonomy":"category","embeddable":true,"href":"https:\/\/isef-crr.infd.edu.ar\/sitio\/wp-json\/wp\/v2\/categories?post=1654"},{"taxonomy":"post_tag","embeddable":true,"href":"https:\/\/isef-crr.infd.edu.ar\/sitio\/wp-json\/wp\/v2\/tags?post=1654"}],"curies":[{"name":"wp","href":"https:\/\/api.w.org\/{rel}","templated":true}]}}