{"id":1660,"date":"2021-05-14T14:43:54","date_gmt":"2021-05-14T17:43:54","guid":{"rendered":"https:\/\/isef-crr.infd.edu.ar\/sitio\/?p=1660"},"modified":"2021-05-17T07:53:53","modified_gmt":"2021-05-17T10:53:53","slug":"ofertas-de-cursos-de-capacitacion-mayo-isef-2021","status":"publish","type":"post","link":"https:\/\/isef-crr.infd.edu.ar\/sitio\/ofertas-de-cursos-de-capacitacion-mayo-isef-2021\/","title":{"rendered":"OFERTAS DE CURSOS DE CAPACITACI\u00d3N &#8211; MAYO- ISEF-2021"},"content":{"rendered":"<p>Ofertas de cursos cursos de capacitaci\u00f3n- mayo 2021- ISEF<\/p>\n<ul>\n<li>Educaci\u00f3n Sexual Integral en la Escuela: un derecho que nos incumbe<\/li>\n<li>Gesti\u00f3n de las emociones en el aula durante la pandemia<\/li>\n<li>Leer para comprender: la importancia de ense\u00f1ar a jerarquizar informaci\u00f3n e inferir<\/li>\n<li>Transformando y co-creando nuevas realidades. La clave de la mejora educativa desde la construcci\u00f3n y realizaci\u00f3n de proyectos de investigaci\u00f3n-acci\u00f3n de Educaci\u00f3n F\u00edsica<img decoding=\"async\" loading=\"lazy\" class=\"alignnone size-full wp-image-1661\" src=\"https:\/\/isef-crr.infd.edu.ar\/sitio\/wp-content\/uploads\/2021\/05\/EMOCIONES-2021-05-14-at-14.27.37-1.jpeg\" alt=\"\" width=\"960\" height=\"960\" srcset=\"https:\/\/isef-crr.infd.edu.ar\/sitio\/wp-content\/uploads\/2021\/05\/EMOCIONES-2021-05-14-at-14.27.37-1.jpeg 960w, https:\/\/isef-crr.infd.edu.ar\/sitio\/wp-content\/uploads\/2021\/05\/EMOCIONES-2021-05-14-at-14.27.37-1-500x500.jpeg 500w, https:\/\/isef-crr.infd.edu.ar\/sitio\/wp-content\/uploads\/2021\/05\/EMOCIONES-2021-05-14-at-14.27.37-1-768x768.jpeg 768w\" sizes=\"(max-width: 960px) 100vw, 960px\" \/> <img decoding=\"async\" loading=\"lazy\" class=\"alignnone size-medium wp-image-1662\" src=\"https:\/\/isef-crr.infd.edu.ar\/sitio\/wp-content\/uploads\/2021\/05\/ESI-2021.jpeg\" alt=\"\" width=\"960\" height=\"960\" srcset=\"https:\/\/isef-crr.infd.edu.ar\/sitio\/wp-content\/uploads\/2021\/05\/ESI-2021.jpeg 960w, https:\/\/isef-crr.infd.edu.ar\/sitio\/wp-content\/uploads\/2021\/05\/ESI-2021-500x500.jpeg 500w, https:\/\/isef-crr.infd.edu.ar\/sitio\/wp-content\/uploads\/2021\/05\/ESI-2021-768x768.jpeg 768w\" sizes=\"(max-width: 960px) 100vw, 960px\" \/> <img decoding=\"async\" loading=\"lazy\" class=\"alignnone size-medium wp-image-1663\" src=\"https:\/\/isef-crr.infd.edu.ar\/sitio\/wp-content\/uploads\/2021\/05\/INVESTIGACION-ACCION-2021.jpeg\" alt=\"\" width=\"960\" height=\"960\" srcset=\"https:\/\/isef-crr.infd.edu.ar\/sitio\/wp-content\/uploads\/2021\/05\/INVESTIGACION-ACCION-2021.jpeg 960w, https:\/\/isef-crr.infd.edu.ar\/sitio\/wp-content\/uploads\/2021\/05\/INVESTIGACION-ACCION-2021-500x500.jpeg 500w, https:\/\/isef-crr.infd.edu.ar\/sitio\/wp-content\/uploads\/2021\/05\/INVESTIGACION-ACCION-2021-768x768.jpeg 768w\" sizes=\"(max-width: 960px) 100vw, 960px\" \/> <img decoding=\"async\" loading=\"lazy\" class=\"alignnone size-medium wp-image-1664\" src=\"https:\/\/isef-crr.infd.edu.ar\/sitio\/wp-content\/uploads\/2021\/05\/LENGUA-2021.jpeg\" alt=\"\" width=\"960\" height=\"960\" srcset=\"https:\/\/isef-crr.infd.edu.ar\/sitio\/wp-content\/uploads\/2021\/05\/LENGUA-2021.jpeg 960w, https:\/\/isef-crr.infd.edu.ar\/sitio\/wp-content\/uploads\/2021\/05\/LENGUA-2021-500x500.jpeg 500w, https:\/\/isef-crr.infd.edu.ar\/sitio\/wp-content\/uploads\/2021\/05\/LENGUA-2021-768x768.jpeg 768w\" sizes=\"(max-width: 960px) 100vw, 960px\" \/><\/li>\n<\/ul>\n","protected":false},"excerpt":{"rendered":"<p>Ofertas de cursos cursos de capacitaci\u00f3n- mayo 2021- ISEF Educaci\u00f3n Sexual Integral en la Escuela: un derecho que nos incumbe Gesti\u00f3n de las emociones en el aula durante la pandemia Leer para comprender: la importancia de ense\u00f1ar a jerarquizar informaci\u00f3n e inferir Transformando y co-creando nuevas realidades. La clave de la mejora educativa desde la &#8230; <a title=\"OFERTAS DE CURSOS DE CAPACITACI\u00d3N &#8211; MAYO- ISEF-2021\" class=\"read-more\" href=\"https:\/\/isef-crr.infd.edu.ar\/sitio\/ofertas-de-cursos-de-capacitacion-mayo-isef-2021\/\" aria-label=\"More on OFERTAS DE CURSOS DE CAPACITACI\u00d3N &#8211; MAYO- ISEF-2021\">[+]<\/a><\/p>\n","protected":false},"author":321,"featured_media":1666,"comment_status":"open","ping_status":"open","sticky":false,"template":"","format":"image","meta":[],"categories":[9,79],"tags":[],"acf":[],"_links":{"self":[{"href":"https:\/\/isef-crr.infd.edu.ar\/sitio\/wp-json\/wp\/v2\/posts\/1660"}],"collection":[{"href":"https:\/\/isef-crr.infd.edu.ar\/sitio\/wp-json\/wp\/v2\/posts"}],"about":[{"href":"https:\/\/isef-crr.infd.edu.ar\/sitio\/wp-json\/wp\/v2\/types\/post"}],"author":[{"embeddable":true,"href":"https:\/\/isef-crr.infd.edu.ar\/sitio\/wp-json\/wp\/v2\/users\/321"}],"replies":[{"embeddable":true,"href":"https:\/\/isef-crr.infd.edu.ar\/sitio\/wp-json\/wp\/v2\/comments?post=1660"}],"version-history":[{"count":1,"href":"https:\/\/isef-crr.infd.edu.ar\/sitio\/wp-json\/wp\/v2\/posts\/1660\/revisions"}],"predecessor-version":[{"id":1665,"href":"https:\/\/isef-crr.infd.edu.ar\/sitio\/wp-json\/wp\/v2\/posts\/1660\/revisions\/1665"}],"wp:featuredmedia":[{"embeddable":true,"href":"https:\/\/isef-crr.infd.edu.ar\/sitio\/wp-json\/wp\/v2\/media\/1666"}],"wp:attachment":[{"href":"https:\/\/isef-crr.infd.edu.ar\/sitio\/wp-json\/wp\/v2\/media?parent=1660"}],"wp:term":[{"taxonomy":"category","embeddable":true,"href":"https:\/\/isef-crr.infd.edu.ar\/sitio\/wp-json\/wp\/v2\/categories?post=1660"},{"taxonomy":"post_tag","embeddable":true,"href":"https:\/\/isef-crr.infd.edu.ar\/sitio\/wp-json\/wp\/v2\/tags?post=1660"}],"curies":[{"name":"wp","href":"https:\/\/api.w.org\/{rel}","templated":true}]}}