{"id":1667,"date":"2021-05-18T09:21:35","date_gmt":"2021-05-18T12:21:35","guid":{"rendered":"https:\/\/isef-crr.infd.edu.ar\/sitio\/?p=1667"},"modified":"2021-05-18T09:44:19","modified_gmt":"2021-05-18T12:44:19","slug":"extraordinaria-en-el-espacio-curricular-historia-e-investigacion-en-la-educacion-fisica","status":"publish","type":"post","link":"https:\/\/isef-crr.infd.edu.ar\/sitio\/extraordinaria-en-el-espacio-curricular-historia-e-investigacion-en-la-educacion-fisica\/","title":{"rendered":"Inscripci\u00f3n Extraordinaria en el espacio curricular Historia e Investigaci\u00f3n en la Educaci\u00f3n F\u00edsica"},"content":{"rendered":"<p>&nbsp;<\/p>\n<p><span style=\"font-weight: 400;\">Corrientes, 17 de Mayo de 2021<\/span><\/p>\n<p><span style=\"font-weight: 400;\">El Instituto Superior de Educaci\u00f3n F\u00edsica \u201cProf. Antonio A. \u00c1lvarez\u201d convoca a Inscripci\u00f3n Extraordinaria desde la fecha y hasta el 19 del corriente mes, para cubrir horas Interinas en el espacio curricular <\/span><b>Historia e Investigaci\u00f3n en la Educaci\u00f3n F\u00edsica<\/b><span style=\"font-weight: 400;\"> correspondiente al <\/span><b>2do a\u00f1o<\/b><span style=\"font-weight: 400;\"> de la carrera del Profesorado de Educaci\u00f3n F\u00edsica de la <\/span><b>subsede Ituzaing\u00f3<\/b><span style=\"font-weight: 400;\">.<\/span><\/p>\n<p><span style=\"font-weight: 400;\">La pre-inscripci\u00f3n se realiza por plataforma SIMA educativa por el link <\/span><a href=\"http:\/\/simaeducativa.mec.gob.ar\/modulo\/interinatoysuplencia\/?efisica\"><span style=\"font-weight: 400;\">http:\/\/simaeducativa.mec.gob.ar\/modulo\/interinatoysuplencia\/?efisica<\/span><\/a><span style=\"font-weight: 400;\"> y la recepci\u00f3n de documentaci\u00f3n de los aspirantes se realizar\u00e1 en la misma subsede, de 19 a 21 horas.<\/span><\/p>\n<p><span style=\"font-weight: 400;\">El perfil docente para dicho espacio curricular es:<\/span><\/p>\n<ul>\n<li style=\"font-weight: 400;\" aria-level=\"1\"><span style=\"font-weight: 400;\">Profesor de Educaci\u00f3n F\u00edsica con t\u00edtulo universitario o Licenciado en Educaci\u00f3n F\u00edsica.<\/span><\/li>\n<\/ul>\n<p><span style=\"font-weight: 400;\">Sin otro particular los saludo atentamente.-<\/span><\/p>\n<p>&nbsp;<\/p>\n<p style=\"text-align: right;\"><span style=\"font-weight: 400;\">Rectora Normalizadora<\/span><\/p>\n<p style=\"text-align: right;\"><span style=\"font-weight: 400;\">Lic. M\u00f3nica Iturria Vallejos<\/span><\/p>\n","protected":false},"excerpt":{"rendered":"<p>&nbsp; Corrientes, 17 de Mayo de 2021 El Instituto Superior de Educaci\u00f3n F\u00edsica \u201cProf. Antonio A. \u00c1lvarez\u201d convoca a Inscripci\u00f3n Extraordinaria desde la fecha y hasta el 19 del corriente mes, para cubrir horas Interinas en el espacio curricular Historia e Investigaci\u00f3n en la Educaci\u00f3n F\u00edsica correspondiente al 2do a\u00f1o de la carrera del Profesorado &#8230; <a title=\"Inscripci\u00f3n Extraordinaria en el espacio curricular Historia e Investigaci\u00f3n en la Educaci\u00f3n F\u00edsica\" class=\"read-more\" href=\"https:\/\/isef-crr.infd.edu.ar\/sitio\/extraordinaria-en-el-espacio-curricular-historia-e-investigacion-en-la-educacion-fisica\/\" aria-label=\"More on Inscripci\u00f3n Extraordinaria en el espacio curricular Historia e Investigaci\u00f3n en la Educaci\u00f3n F\u00edsica\">[+]<\/a><\/p>\n","protected":false},"author":594,"featured_media":1670,"comment_status":"open","ping_status":"open","sticky":false,"template":"","format":"standard","meta":[],"categories":[1],"tags":[],"acf":[],"_links":{"self":[{"href":"https:\/\/isef-crr.infd.edu.ar\/sitio\/wp-json\/wp\/v2\/posts\/1667"}],"collection":[{"href":"https:\/\/isef-crr.infd.edu.ar\/sitio\/wp-json\/wp\/v2\/posts"}],"about":[{"href":"https:\/\/isef-crr.infd.edu.ar\/sitio\/wp-json\/wp\/v2\/types\/post"}],"author":[{"embeddable":true,"href":"https:\/\/isef-crr.infd.edu.ar\/sitio\/wp-json\/wp\/v2\/users\/594"}],"replies":[{"embeddable":true,"href":"https:\/\/isef-crr.infd.edu.ar\/sitio\/wp-json\/wp\/v2\/comments?post=1667"}],"version-history":[{"count":3,"href":"https:\/\/isef-crr.infd.edu.ar\/sitio\/wp-json\/wp\/v2\/posts\/1667\/revisions"}],"predecessor-version":[{"id":1671,"href":"https:\/\/isef-crr.infd.edu.ar\/sitio\/wp-json\/wp\/v2\/posts\/1667\/revisions\/1671"}],"wp:featuredmedia":[{"embeddable":true,"href":"https:\/\/isef-crr.infd.edu.ar\/sitio\/wp-json\/wp\/v2\/media\/1670"}],"wp:attachment":[{"href":"https:\/\/isef-crr.infd.edu.ar\/sitio\/wp-json\/wp\/v2\/media?parent=1667"}],"wp:term":[{"taxonomy":"category","embeddable":true,"href":"https:\/\/isef-crr.infd.edu.ar\/sitio\/wp-json\/wp\/v2\/categories?post=1667"},{"taxonomy":"post_tag","embeddable":true,"href":"https:\/\/isef-crr.infd.edu.ar\/sitio\/wp-json\/wp\/v2\/tags?post=1667"}],"curies":[{"name":"wp","href":"https:\/\/api.w.org\/{rel}","templated":true}]}}