{"id":1690,"date":"2021-05-21T17:09:02","date_gmt":"2021-05-21T20:09:02","guid":{"rendered":"https:\/\/isef-crr.infd.edu.ar\/sitio\/?p=1690"},"modified":"2021-05-21T17:20:34","modified_gmt":"2021-05-21T20:20:34","slug":"ofertas-de-capacitacion-en-catalogo-en-sistema-sima","status":"publish","type":"post","link":"https:\/\/isef-crr.infd.edu.ar\/sitio\/ofertas-de-capacitacion-en-catalogo-en-sistema-sima\/","title":{"rendered":"Ofertas de capacitaci\u00f3n en cat\u00e1logo en sistema SIMA"},"content":{"rendered":"<p>A partir de la fecha est\u00e1n disponibles todas las ofertas de Formaci\u00f3n Continua de la provincia en un solo lugar.<\/p>\n<p>Se accede al \u00a0cat\u00e1logo, se selecciona el formato de la capacitaci\u00f3n, se observa las fechas y horarios de apertura de la oferta y se pueden \u00a0inscribir&#8230;.<br \/>\nHay nueva oferta para profesores de Educaci\u00f3n F\u00edsica<br \/>\nlink:<br \/>\n<a href=\"http:\/\/sima.mec.gob.ar\/catalogo\/?fbclid=IwAR0Xs5F6d5G_zfmiyvERGQPqthtzkVU85PF7SNxLXI2Gk-xyG2PcMkb4djI\">http:\/\/sima.mec.gob.ar\/catalogo\/<\/a><\/p>\n","protected":false},"excerpt":{"rendered":"<p>A partir de la fecha est\u00e1n disponibles todas las ofertas de Formaci\u00f3n Continua de la provincia en un solo lugar. Se accede al \u00a0cat\u00e1logo, se selecciona el formato de la capacitaci\u00f3n, se observa las fechas y horarios de apertura de la oferta y se pueden \u00a0inscribir&#8230;. Hay nueva oferta para profesores de Educaci\u00f3n F\u00edsica link: &#8230; <a title=\"Ofertas de capacitaci\u00f3n en cat\u00e1logo en sistema SIMA\" class=\"read-more\" href=\"https:\/\/isef-crr.infd.edu.ar\/sitio\/ofertas-de-capacitacion-en-catalogo-en-sistema-sima\/\" aria-label=\"More on Ofertas de capacitaci\u00f3n en cat\u00e1logo en sistema SIMA\">[+]<\/a><\/p>\n","protected":false},"author":321,"featured_media":0,"comment_status":"open","ping_status":"open","sticky":false,"template":"","format":"standard","meta":[],"categories":[15,9,79,7],"tags":[],"acf":[],"_links":{"self":[{"href":"https:\/\/isef-crr.infd.edu.ar\/sitio\/wp-json\/wp\/v2\/posts\/1690"}],"collection":[{"href":"https:\/\/isef-crr.infd.edu.ar\/sitio\/wp-json\/wp\/v2\/posts"}],"about":[{"href":"https:\/\/isef-crr.infd.edu.ar\/sitio\/wp-json\/wp\/v2\/types\/post"}],"author":[{"embeddable":true,"href":"https:\/\/isef-crr.infd.edu.ar\/sitio\/wp-json\/wp\/v2\/users\/321"}],"replies":[{"embeddable":true,"href":"https:\/\/isef-crr.infd.edu.ar\/sitio\/wp-json\/wp\/v2\/comments?post=1690"}],"version-history":[{"count":4,"href":"https:\/\/isef-crr.infd.edu.ar\/sitio\/wp-json\/wp\/v2\/posts\/1690\/revisions"}],"predecessor-version":[{"id":1696,"href":"https:\/\/isef-crr.infd.edu.ar\/sitio\/wp-json\/wp\/v2\/posts\/1690\/revisions\/1696"}],"wp:attachment":[{"href":"https:\/\/isef-crr.infd.edu.ar\/sitio\/wp-json\/wp\/v2\/media?parent=1690"}],"wp:term":[{"taxonomy":"category","embeddable":true,"href":"https:\/\/isef-crr.infd.edu.ar\/sitio\/wp-json\/wp\/v2\/categories?post=1690"},{"taxonomy":"post_tag","embeddable":true,"href":"https:\/\/isef-crr.infd.edu.ar\/sitio\/wp-json\/wp\/v2\/tags?post=1690"}],"curies":[{"name":"wp","href":"https:\/\/api.w.org\/{rel}","templated":true}]}}