{"id":1772,"date":"2021-06-28T10:14:07","date_gmt":"2021-06-28T13:14:07","guid":{"rendered":"https:\/\/isef-crr.infd.edu.ar\/sitio\/?p=1772"},"modified":"2021-06-28T10:15:49","modified_gmt":"2021-06-28T13:15:49","slug":"llamado-inscripcion-extraordinaria","status":"publish","type":"post","link":"https:\/\/isef-crr.infd.edu.ar\/sitio\/llamado-inscripcion-extraordinaria\/","title":{"rendered":"Llamado Inscripci\u00f3n Extraordinaria"},"content":{"rendered":"<p><!--more--><\/p>\n<p><span style=\"font-weight: 400;\">Corrientes, 28 de Junio de 2021<\/span><\/p>\n<p><span style=\"font-weight: 400;\">El Instituto Superior de Educaci\u00f3n F\u00edsica \u201cProf. Antonio A. \u00c1lvarez\u201d convoca a Inscripci\u00f3n Extraordinaria<\/span><b> desde la fecha y hasta el 01 de Julio<\/b><span style=\"font-weight: 400;\">, para cubrir horas Suplentes en el espacio curricular <\/span><b>Did\u00e1ctica Espec\u00edfica I (Nivel Inicial y Primaria)<\/b><span style=\"font-weight: 400;\"> correspondiente al <\/span><b>2do a\u00f1o<\/b><span style=\"font-weight: 400;\"> de la carrera del Profesorado de Educaci\u00f3n F\u00edsica de la <\/span><b>extensi\u00f3n \u00e1ulica It\u00e1 Ibat\u00e9<\/b><span style=\"font-weight: 400;\">.<\/span><\/p>\n<p><span style=\"font-weight: 400;\">La pre-inscripci\u00f3n se realiza por plataforma SIMA educativa por el link <\/span><a href=\"http:\/\/simaeducativa.mec.gob.ar\/modulo\/interinatoysuplencia\/?efisica\"><span style=\"font-weight: 400;\">http:\/\/simaeducativa.mec.gob.ar\/modulo\/interinatoysuplencia\/?efisica<\/span><\/a><span style=\"font-weight: 400;\"> y la recepci\u00f3n de documentaci\u00f3n de los aspirantes se realizar\u00e1 en los d\u00edas antes citados, en sede central (Capital), de 8 a 11 y de 15 a 18 hs.<\/span><\/p>\n<p><span style=\"font-weight: 400;\">El perfil docente para dicho espacio curricular es:<\/span><\/p>\n<ul>\n<li style=\"font-weight: 400;\" aria-level=\"1\"><span style=\"font-weight: 400;\">Profesor de Educaci\u00f3n F\u00edsica con t\u00edtulo universitario o Licenciado en Educaci\u00f3n F\u00edsica.<\/span><\/li>\n<\/ul>\n<p><span style=\"font-weight: 400;\">Sin otro particular los saludo atentamente.-<\/span><\/p>\n<p>&nbsp;<\/p>\n<p><span style=\"font-weight: 400;\">Rectora Normalizadora<\/span><\/p>\n<p><span style=\"font-weight: 400;\">Lic. M\u00f3nica Iturria Vallejos<\/span><\/p>\n","protected":false},"excerpt":{"rendered":"","protected":false},"author":666,"featured_media":1729,"comment_status":"open","ping_status":"open","sticky":false,"template":"","format":"standard","meta":[],"categories":[45],"tags":[50,51,95],"acf":[],"_links":{"self":[{"href":"https:\/\/isef-crr.infd.edu.ar\/sitio\/wp-json\/wp\/v2\/posts\/1772"}],"collection":[{"href":"https:\/\/isef-crr.infd.edu.ar\/sitio\/wp-json\/wp\/v2\/posts"}],"about":[{"href":"https:\/\/isef-crr.infd.edu.ar\/sitio\/wp-json\/wp\/v2\/types\/post"}],"author":[{"embeddable":true,"href":"https:\/\/isef-crr.infd.edu.ar\/sitio\/wp-json\/wp\/v2\/users\/666"}],"replies":[{"embeddable":true,"href":"https:\/\/isef-crr.infd.edu.ar\/sitio\/wp-json\/wp\/v2\/comments?post=1772"}],"version-history":[{"count":3,"href":"https:\/\/isef-crr.infd.edu.ar\/sitio\/wp-json\/wp\/v2\/posts\/1772\/revisions"}],"predecessor-version":[{"id":1775,"href":"https:\/\/isef-crr.infd.edu.ar\/sitio\/wp-json\/wp\/v2\/posts\/1772\/revisions\/1775"}],"wp:featuredmedia":[{"embeddable":true,"href":"https:\/\/isef-crr.infd.edu.ar\/sitio\/wp-json\/wp\/v2\/media\/1729"}],"wp:attachment":[{"href":"https:\/\/isef-crr.infd.edu.ar\/sitio\/wp-json\/wp\/v2\/media?parent=1772"}],"wp:term":[{"taxonomy":"category","embeddable":true,"href":"https:\/\/isef-crr.infd.edu.ar\/sitio\/wp-json\/wp\/v2\/categories?post=1772"},{"taxonomy":"post_tag","embeddable":true,"href":"https:\/\/isef-crr.infd.edu.ar\/sitio\/wp-json\/wp\/v2\/tags?post=1772"}],"curies":[{"name":"wp","href":"https:\/\/api.w.org\/{rel}","templated":true}]}}