{"id":1807,"date":"2021-08-03T14:00:30","date_gmt":"2021-08-03T17:00:30","guid":{"rendered":"https:\/\/isef-crr.infd.edu.ar\/sitio\/?p=1807"},"modified":"2021-08-03T14:04:37","modified_gmt":"2021-08-03T17:04:37","slug":"inician-los-talleres-de-acompanamiento-para-la-convocatoria-el-cambio-climatico-no-es-un-cuento","status":"publish","type":"post","link":"https:\/\/isef-crr.infd.edu.ar\/sitio\/inician-los-talleres-de-acompanamiento-para-la-convocatoria-el-cambio-climatico-no-es-un-cuento\/","title":{"rendered":"Inician los talleres de acompa\u00f1amiento para la convocatoria \u201cEl cambio clim\u00e1tico no es un cuento\u201d"},"content":{"rendered":"\n<!--more-->\n\n\n\n<figure class=\"wp-block-image size-large\"><img decoding=\"async\" loading=\"lazy\" width=\"1000\" height=\"1000\" src=\"https:\/\/isef-crr.infd.edu.ar\/sitio\/wp-content\/uploads\/2021\/08\/flyer-convocatoria-cambio2.jpg\" alt=\"\" class=\"wp-image-1808\" srcset=\"https:\/\/isef-crr.infd.edu.ar\/sitio\/wp-content\/uploads\/2021\/08\/flyer-convocatoria-cambio2.jpg 1000w, https:\/\/isef-crr.infd.edu.ar\/sitio\/wp-content\/uploads\/2021\/08\/flyer-convocatoria-cambio2-500x500.jpg 500w, https:\/\/isef-crr.infd.edu.ar\/sitio\/wp-content\/uploads\/2021\/08\/flyer-convocatoria-cambio2-768x768.jpg 768w\" sizes=\"(max-width: 1000px) 100vw, 1000px\" \/><\/figure>\n\n\n\n<p>La Subsecretar\u00eda de Participaci\u00f3n y Democratizaci\u00f3n Educativa y el INFoD, desde el \u00e1rea de Pol\u00edticas Estudiantiles, proponen elaborar una colecci\u00f3n colaborativa de cuentos por el clima, que no solo cuestionen las causas y efectos del cambio clim\u00e1tico, sino que tambi\u00e9n sean insumos de trabajo en las futuras y actuales pr\u00e1cticas docentes que se desarrollan en las escuelas en torno a la educaci\u00f3n ambiental y el cambio clim\u00e1tico.<\/p>\n\n\n\n<p>Se estableci\u00f3 un cronograma para quienes est\u00e9n interesadas\/os en participar de los talleres de acompa\u00f1amiento vinculados a la escritura de cuentos, la problem\u00e1tica del cambio clim\u00e1tico y la participaci\u00f3n estudiantil en relaci\u00f3n con la educaci\u00f3n ambiental integral durante la formaci\u00f3n docente:<\/p>\n\n\n\n<ul><li>Viernes 13\/08 a las 15:00 \u2013 Escritura de cuentos sobre problem\u00e1ticas ambientales. (Mart\u00edn Crespi. Escritor, ambientalista y editor de Pachamamita libros).<\/li><li>Jueves 19\/08 a las 15:00 \u2013 El Cambio clim\u00e1tico. Sus efectos en Argentina, mitigaci\u00f3n y adaptaci\u00f3n (Equipo del Gabinete Nacional de Cambio Clim\u00e1tico, del Ministerio de Ambiente y Desarrollo Sostenible).<\/li><li>Viernes 20\/08 a las 15:00 \u2013 La Educaci\u00f3n Ambiental Integral y la participaci\u00f3n estudiantil en la formaci\u00f3n docente (Equipos del INFoD y la Subsecretar\u00eda de Participaci\u00f3n y Democratizaci\u00f3n Educativa: Aldana Telias, Laura Sartirana, Carolina Diana).<\/li><\/ul>\n\n\n\n<p>Las inscripciones a los mismos son a trav\u00e9s del&nbsp;<a href=\"https:\/\/acortar.link\/cambioclimatico\" target=\"_blank\" rel=\"noreferrer noopener\">siguiente enlace<\/a>.<\/p>\n\n\n\n<p>Ante el inter\u00e9s de la comunidad educativa se decidi\u00f3 ampliar el plazo de recepci\u00f3n de trabajos hasta el&nbsp;<strong>16 de octubre de 2021.<\/strong>&nbsp;Los cuentos deber\u00e1n ser obra de estudiantes de formaci\u00f3n docente, ya sea de forma individual o en grupo, de producci\u00f3n original e in\u00e9dita, que vincule la tem\u00e1tica del cambio clim\u00e1tico con al menos dos de los ejes de relevancia en la convocatoria:<strong>&nbsp;las ciudades, las \u00e1reas rurales, el g\u00e9nero, la econom\u00eda y el trabajo, las migraciones, las energ\u00edas, la salud, la biodiversidad, los alimentos y la seguridad.&nbsp;<\/strong><\/p>\n\n\n\n<p>Los equipos t\u00e9cnicos del \u00c1rea \u201cDebates sociales y participaci\u00f3n desde la educaci\u00f3n en Cambio Clim\u00e1tico\u201d, de La Subsecretar\u00eda de Participaci\u00f3n y Democratizaci\u00f3n Educativa; en forma conjunta con el \u00c1rea de Pol\u00edticas Estudiantiles del INFoD, recibir\u00e1n los cuentos que se evaluar\u00e1n seg\u00fan creatividad y originalidad, y la potencialidad para que las obras sean incorporadas como recurso did\u00e1ctico.<\/p>\n\n\n\n<p><a rel=\"noreferrer noopener\" href=\"https:\/\/red.infd.edu.ar\/wp-content\/uploads\/2021\/06\/Convocatoria-Coleccion-de-cuentos-por-el-clima.pdf\" target=\"_blank\">Aqu\u00ed pueden consultar las bases y condiciones<\/a>.<\/p>\n\n\n\n<p>Los cuentos seleccionados formar\u00e1n parte de la colecci\u00f3n que ser\u00e1 presentada a finales de este a\u00f1o, y se encontrar\u00e1 disponible en el portal de la Red INFoD, la p\u00e1gina del Ministerio de Educaci\u00f3n y el Portal Educ.ar. Los y las estudiantes que participen recibir\u00e1n un certificado de menci\u00f3n como autor\/a de los cuentos seleccionados. La presentaci\u00f3n de los trabajos deber\u00e1 ser en formato digital a trav\u00e9s del&nbsp;<a rel=\"noreferrer noopener\" href=\"https:\/\/acortar.link\/envio\" target=\"_blank\">siguiente formulario<\/a>. Para consultas, los interesados pueden contactarse a&nbsp;<a rel=\"noreferrer noopener\" href=\"mailto:cuentosporelclima@educacion.gob.ar\" target=\"_blank\">cuentosporelclima@educacion.gob.ar<\/a>.<\/p>\n","protected":false},"excerpt":{"rendered":"","protected":false},"author":666,"featured_media":1808,"comment_status":"open","ping_status":"open","sticky":false,"template":"","format":"standard","meta":[],"categories":[27],"tags":[],"acf":[],"_links":{"self":[{"href":"https:\/\/isef-crr.infd.edu.ar\/sitio\/wp-json\/wp\/v2\/posts\/1807"}],"collection":[{"href":"https:\/\/isef-crr.infd.edu.ar\/sitio\/wp-json\/wp\/v2\/posts"}],"about":[{"href":"https:\/\/isef-crr.infd.edu.ar\/sitio\/wp-json\/wp\/v2\/types\/post"}],"author":[{"embeddable":true,"href":"https:\/\/isef-crr.infd.edu.ar\/sitio\/wp-json\/wp\/v2\/users\/666"}],"replies":[{"embeddable":true,"href":"https:\/\/isef-crr.infd.edu.ar\/sitio\/wp-json\/wp\/v2\/comments?post=1807"}],"version-history":[{"count":3,"href":"https:\/\/isef-crr.infd.edu.ar\/sitio\/wp-json\/wp\/v2\/posts\/1807\/revisions"}],"predecessor-version":[{"id":1811,"href":"https:\/\/isef-crr.infd.edu.ar\/sitio\/wp-json\/wp\/v2\/posts\/1807\/revisions\/1811"}],"wp:featuredmedia":[{"embeddable":true,"href":"https:\/\/isef-crr.infd.edu.ar\/sitio\/wp-json\/wp\/v2\/media\/1808"}],"wp:attachment":[{"href":"https:\/\/isef-crr.infd.edu.ar\/sitio\/wp-json\/wp\/v2\/media?parent=1807"}],"wp:term":[{"taxonomy":"category","embeddable":true,"href":"https:\/\/isef-crr.infd.edu.ar\/sitio\/wp-json\/wp\/v2\/categories?post=1807"},{"taxonomy":"post_tag","embeddable":true,"href":"https:\/\/isef-crr.infd.edu.ar\/sitio\/wp-json\/wp\/v2\/tags?post=1807"}],"curies":[{"name":"wp","href":"https:\/\/api.w.org\/{rel}","templated":true}]}}