{"id":1812,"date":"2021-08-04T11:50:03","date_gmt":"2021-08-04T14:50:03","guid":{"rendered":"https:\/\/isef-crr.infd.edu.ar\/sitio\/?p=1812"},"modified":"2021-08-04T11:59:43","modified_gmt":"2021-08-04T14:59:43","slug":"inscripcion-extraordinaria-2","status":"publish","type":"post","link":"https:\/\/isef-crr.infd.edu.ar\/sitio\/inscripcion-extraordinaria-2\/","title":{"rendered":"Inscripci\u00f3n Extraordinaria"},"content":{"rendered":"\n<p>Corrientes, 04 de Agosto de 2021<\/p>\n\n\n\n<!--more-->\n\n\n\n<p>El Instituto Superior de Educaci\u00f3n F\u00edsica \u201cProf. Antonio A. \u00c1lvarez\u201d convoca a Inscripci\u00f3n Extraordinaria<strong> desde la fecha y hasta el 06 de Agosto<\/strong>, para cubrir horas Suplentes en el espacio curricular <strong>Teor\u00eda del Entrenamiento II <\/strong>correspondiente al <strong>4to a\u00f1o<\/strong> de la carrera del Profesorado de Educaci\u00f3n F\u00edsica de la sede central.<\/p>\n\n\n\n<p>La pre-inscripci\u00f3n se realiza por plataforma SIMA educativa por el link <a href=\"http:\/\/simaeducativa.mec.gob.ar\/modulo\/interinatoysuplencia\/?efisica\">http:\/\/simaeducativa.mec.gob.ar\/modulo\/interinatoysuplencia\/?efisica<\/a> y la recepci\u00f3n de documentaci\u00f3n de los aspirantes se realizar\u00e1 en los d\u00edas antes citados, en sede central (Capital), de 8 a 11 y de 15 a 18 hs.<\/p>\n\n\n\n<p>El perfil docente para dicho espacio curricular es:<\/p>\n\n\n\n<ul><li>Profesor de Educaci\u00f3n F\u00edsica con t\u00edtulo universitario o Licenciado en Educaci\u00f3n F\u00edsica.<\/li><\/ul>\n\n\n\n<p>Sin otro particular los saludo atentamente.-<\/p>\n\n\n\n<p><\/p>\n","protected":false},"excerpt":{"rendered":"<p>Corrientes, 04 de Agosto de 2021<\/p>\n","protected":false},"author":666,"featured_media":1729,"comment_status":"open","ping_status":"open","sticky":false,"template":"","format":"standard","meta":[],"categories":[1],"tags":[50],"acf":[],"_links":{"self":[{"href":"https:\/\/isef-crr.infd.edu.ar\/sitio\/wp-json\/wp\/v2\/posts\/1812"}],"collection":[{"href":"https:\/\/isef-crr.infd.edu.ar\/sitio\/wp-json\/wp\/v2\/posts"}],"about":[{"href":"https:\/\/isef-crr.infd.edu.ar\/sitio\/wp-json\/wp\/v2\/types\/post"}],"author":[{"embeddable":true,"href":"https:\/\/isef-crr.infd.edu.ar\/sitio\/wp-json\/wp\/v2\/users\/666"}],"replies":[{"embeddable":true,"href":"https:\/\/isef-crr.infd.edu.ar\/sitio\/wp-json\/wp\/v2\/comments?post=1812"}],"version-history":[{"count":3,"href":"https:\/\/isef-crr.infd.edu.ar\/sitio\/wp-json\/wp\/v2\/posts\/1812\/revisions"}],"predecessor-version":[{"id":1816,"href":"https:\/\/isef-crr.infd.edu.ar\/sitio\/wp-json\/wp\/v2\/posts\/1812\/revisions\/1816"}],"wp:featuredmedia":[{"embeddable":true,"href":"https:\/\/isef-crr.infd.edu.ar\/sitio\/wp-json\/wp\/v2\/media\/1729"}],"wp:attachment":[{"href":"https:\/\/isef-crr.infd.edu.ar\/sitio\/wp-json\/wp\/v2\/media?parent=1812"}],"wp:term":[{"taxonomy":"category","embeddable":true,"href":"https:\/\/isef-crr.infd.edu.ar\/sitio\/wp-json\/wp\/v2\/categories?post=1812"},{"taxonomy":"post_tag","embeddable":true,"href":"https:\/\/isef-crr.infd.edu.ar\/sitio\/wp-json\/wp\/v2\/tags?post=1812"}],"curies":[{"name":"wp","href":"https:\/\/api.w.org\/{rel}","templated":true}]}}