{"id":1828,"date":"2021-08-25T11:45:01","date_gmt":"2021-08-25T14:45:01","guid":{"rendered":"https:\/\/isef-crr.infd.edu.ar\/sitio\/?p=1828"},"modified":"2021-08-25T11:45:47","modified_gmt":"2021-08-25T14:45:47","slug":"inscripcion-extraordinaria-3","status":"publish","type":"post","link":"https:\/\/isef-crr.infd.edu.ar\/sitio\/inscripcion-extraordinaria-3\/","title":{"rendered":"Inscripci\u00f3n Extraordinaria"},"content":{"rendered":"\n<p class=\"has-text-align-left\"><\/p>\n\n\n\n<!--more-->\n\n\n\n<p>Corrientes, 25 de Agosto de 2021<\/p>\n\n\n\n<p>El Instituto Superior de Educaci\u00f3n F\u00edsica \u201cProf. Antonio A. \u00c1lvarez\u201d convoca a Inscripci\u00f3n Extraordinaria<strong> desde la fecha y hasta el 31 de Agosto<\/strong>, para cubrir horas Suplentes en el espacio curricular <strong>Deportes Colectivos I (Handball, cestobol, voleibol) <\/strong>correspondiente al <strong>1er a\u00f1o<\/strong> de la carrera del Profesorado de Educaci\u00f3n F\u00edsica de la sede central.<\/p>\n\n\n\n<p>La pre-inscripci\u00f3n se realiza por plataforma SIMA educativa por el link <a href=\"http:\/\/simaeducativa.mec.gob.ar\/modulo\/interinatoysuplencia\/?efisica\">http:\/\/simaeducativa.mec.gob.ar\/modulo\/interinatoysuplencia\/?efisica<\/a> y la recepci\u00f3n de documentaci\u00f3n de los aspirantes se realizar\u00e1 en los d\u00edas Mi\u00e9rcoles 25, Jueves 26 y Martes 31, en sede central (Capital), de 8 a 11 y de 15 a 18 hs.<\/p>\n\n\n\n<p>El perfil docente para dicho espacio curricular es:<\/p>\n\n\n\n<ul><li>Profesor de Educaci\u00f3n F\u00edsica con t\u00edtulo universitario o Licenciado en Educaci\u00f3n F\u00edsica.<\/li><\/ul>\n\n\n\n<p>Sin otro particular los saludo atentamente.-<\/p>\n\n\n\n<p>Rectora Normalizadora<\/p>\n\n\n\n<p>Lic. M\u00f3nica Iturria Vallejos<\/p>\n","protected":false},"excerpt":{"rendered":"","protected":false},"author":666,"featured_media":1729,"comment_status":"open","ping_status":"open","sticky":false,"template":"","format":"standard","meta":[],"categories":[45],"tags":[86,50],"acf":[],"_links":{"self":[{"href":"https:\/\/isef-crr.infd.edu.ar\/sitio\/wp-json\/wp\/v2\/posts\/1828"}],"collection":[{"href":"https:\/\/isef-crr.infd.edu.ar\/sitio\/wp-json\/wp\/v2\/posts"}],"about":[{"href":"https:\/\/isef-crr.infd.edu.ar\/sitio\/wp-json\/wp\/v2\/types\/post"}],"author":[{"embeddable":true,"href":"https:\/\/isef-crr.infd.edu.ar\/sitio\/wp-json\/wp\/v2\/users\/666"}],"replies":[{"embeddable":true,"href":"https:\/\/isef-crr.infd.edu.ar\/sitio\/wp-json\/wp\/v2\/comments?post=1828"}],"version-history":[{"count":2,"href":"https:\/\/isef-crr.infd.edu.ar\/sitio\/wp-json\/wp\/v2\/posts\/1828\/revisions"}],"predecessor-version":[{"id":1830,"href":"https:\/\/isef-crr.infd.edu.ar\/sitio\/wp-json\/wp\/v2\/posts\/1828\/revisions\/1830"}],"wp:featuredmedia":[{"embeddable":true,"href":"https:\/\/isef-crr.infd.edu.ar\/sitio\/wp-json\/wp\/v2\/media\/1729"}],"wp:attachment":[{"href":"https:\/\/isef-crr.infd.edu.ar\/sitio\/wp-json\/wp\/v2\/media?parent=1828"}],"wp:term":[{"taxonomy":"category","embeddable":true,"href":"https:\/\/isef-crr.infd.edu.ar\/sitio\/wp-json\/wp\/v2\/categories?post=1828"},{"taxonomy":"post_tag","embeddable":true,"href":"https:\/\/isef-crr.infd.edu.ar\/sitio\/wp-json\/wp\/v2\/tags?post=1828"}],"curies":[{"name":"wp","href":"https:\/\/api.w.org\/{rel}","templated":true}]}}