{"id":1891,"date":"2021-09-20T11:41:43","date_gmt":"2021-09-20T14:41:43","guid":{"rendered":"https:\/\/isef-crr.infd.edu.ar\/sitio\/?p=1891"},"modified":"2021-09-20T11:46:02","modified_gmt":"2021-09-20T14:46:02","slug":"inscripcion-extraordinaria-5","status":"publish","type":"post","link":"https:\/\/isef-crr.infd.edu.ar\/sitio\/inscripcion-extraordinaria-5\/","title":{"rendered":"Inscripci\u00f3n Extraordinaria: Historia e Investigaci\u00f3n en la Educaci\u00f3n F\u00edsica."},"content":{"rendered":"\n<!--more-->\n\n\n\n<p class=\"has-text-align-right\">Corrientes, 20 de Septiembre de 2021<\/p>\n\n\n\n<p>El Instituto Superior de Educaci\u00f3n F\u00edsica \u201cProf. Antonio A. \u00c1lvarez\u201d convoca a Inscripci\u00f3n Extraordinaria<strong> desde la fecha y hasta el 22 de Septiembre<\/strong>, para cubrir horas Suplentes en el espacio curricular <strong>Historia e Investigaci\u00f3n en la Educaci\u00f3n F\u00edsica <\/strong>correspondiente al <strong>2do a\u00f1o<\/strong> de la carrera del Profesorado de Educaci\u00f3n F\u00edsica de la sede central.<\/p>\n\n\n\n<p>La pre-inscripci\u00f3n se realiza por plataforma SIMA educativa por el link <a href=\"http:\/\/simaeducativa.mec.gob.ar\/modulo\/interinatoysuplencia\/?efisica\">http:\/\/simaeducativa.mec.gob.ar\/modulo\/interinatoysuplencia\/?efisica<\/a> y la recepci\u00f3n de documentaci\u00f3n de los aspirantes se realizar\u00e1 en los d\u00edas Lunes 20 y Mi\u00e9rcoles 22 en sede central (Capital), de 8 a 11 y de 15 a 18 hs.<\/p>\n\n\n\n<p>El perfil docente para dicho espacio curricular es:<\/p>\n\n\n\n<ul><li>Profesor de Educaci\u00f3n F\u00edsica con t\u00edtulo universitario o Licenciado en Educaci\u00f3n F\u00edsica.<\/li><\/ul>\n\n\n\n<p>Sin otro particular los saludo atentamente.-<\/p>\n\n\n\n<p>Rectora Normalizadora<\/p>\n\n\n\n<p class=\"has-text-align-right\">Lic. M\u00f3nica Iturria Vallejos<\/p>\n","protected":false},"excerpt":{"rendered":"","protected":false},"author":666,"featured_media":1729,"comment_status":"open","ping_status":"open","sticky":false,"template":"","format":"standard","meta":[],"categories":[45],"tags":[86,50],"acf":[],"_links":{"self":[{"href":"https:\/\/isef-crr.infd.edu.ar\/sitio\/wp-json\/wp\/v2\/posts\/1891"}],"collection":[{"href":"https:\/\/isef-crr.infd.edu.ar\/sitio\/wp-json\/wp\/v2\/posts"}],"about":[{"href":"https:\/\/isef-crr.infd.edu.ar\/sitio\/wp-json\/wp\/v2\/types\/post"}],"author":[{"embeddable":true,"href":"https:\/\/isef-crr.infd.edu.ar\/sitio\/wp-json\/wp\/v2\/users\/666"}],"replies":[{"embeddable":true,"href":"https:\/\/isef-crr.infd.edu.ar\/sitio\/wp-json\/wp\/v2\/comments?post=1891"}],"version-history":[{"count":5,"href":"https:\/\/isef-crr.infd.edu.ar\/sitio\/wp-json\/wp\/v2\/posts\/1891\/revisions"}],"predecessor-version":[{"id":1898,"href":"https:\/\/isef-crr.infd.edu.ar\/sitio\/wp-json\/wp\/v2\/posts\/1891\/revisions\/1898"}],"wp:featuredmedia":[{"embeddable":true,"href":"https:\/\/isef-crr.infd.edu.ar\/sitio\/wp-json\/wp\/v2\/media\/1729"}],"wp:attachment":[{"href":"https:\/\/isef-crr.infd.edu.ar\/sitio\/wp-json\/wp\/v2\/media?parent=1891"}],"wp:term":[{"taxonomy":"category","embeddable":true,"href":"https:\/\/isef-crr.infd.edu.ar\/sitio\/wp-json\/wp\/v2\/categories?post=1891"},{"taxonomy":"post_tag","embeddable":true,"href":"https:\/\/isef-crr.infd.edu.ar\/sitio\/wp-json\/wp\/v2\/tags?post=1891"}],"curies":[{"name":"wp","href":"https:\/\/api.w.org\/{rel}","templated":true}]}}