{"id":1899,"date":"2021-09-20T12:50:19","date_gmt":"2021-09-20T15:50:19","guid":{"rendered":"https:\/\/isef-crr.infd.edu.ar\/sitio\/?p=1899"},"modified":"2021-09-20T13:32:13","modified_gmt":"2021-09-20T16:32:13","slug":"donacion-de-la-bandera-de-la-ciudad-de-corrientes","status":"publish","type":"post","link":"https:\/\/isef-crr.infd.edu.ar\/sitio\/donacion-de-la-bandera-de-la-ciudad-de-corrientes\/","title":{"rendered":"Donaci\u00f3n de la Bandera de la Ciudad de Corrientes"},"content":{"rendered":"\n<!--more-->\n\n\n\n<figure class=\"wp-block-image size-large\"><img decoding=\"async\" loading=\"lazy\" width=\"1006\" height=\"1280\" src=\"https:\/\/isef-crr.infd.edu.ar\/sitio\/wp-content\/uploads\/2021\/09\/f160f6eb-7e98-4e64-bf20-11d9f5e3afe6.jpg\" alt=\"\" class=\"wp-image-1900\" srcset=\"https:\/\/isef-crr.infd.edu.ar\/sitio\/wp-content\/uploads\/2021\/09\/f160f6eb-7e98-4e64-bf20-11d9f5e3afe6.jpg 1006w, https:\/\/isef-crr.infd.edu.ar\/sitio\/wp-content\/uploads\/2021\/09\/f160f6eb-7e98-4e64-bf20-11d9f5e3afe6-786x1000.jpg 786w, https:\/\/isef-crr.infd.edu.ar\/sitio\/wp-content\/uploads\/2021\/09\/f160f6eb-7e98-4e64-bf20-11d9f5e3afe6-768x977.jpg 768w\" sizes=\"(max-width: 1006px) 100vw, 1006px\" \/><\/figure>\n\n\n\n<p>La Rectora Normalizadora del ISEF Lic. M\u00f3nica Iturria Vallejos recibi\u00f3 de parte del Presidente del Honorable Concejo Deliberante, Dr. Alfredo Vallejos y la  concejal Mercedes Laprovita la donaci\u00f3n de la Bandera de la Ciudad de Corrientes.<\/p>\n\n\n\n<h1 class=\"wp-block-heading\">Bandera de la Ciudad de Corrientes<\/h1>\n\n\n\n<p>La Bandera de la Ciudad de Corrientes surgi\u00f3 de un Concurso P\u00fablico denominado \u201cUna Bandera para Corrientes\u201d, del a\u00f1o 2014. El Proyecto naci\u00f3 de la necesidad de la creaci\u00f3n de una bandera como s\u00edmbolo de la Capital, permitiendo a los vecinos concebirse dentro de una comunidad con historia, identidad, unidad, solidaridad y pluralidad.<\/p>\n\n\n\n<p>De ese concurso realizado, entre marzo y abril del 2014, surge el emblema de Corrientes, creaci\u00f3n de Manuel Echeverr\u00eda Ponce, por entonces de 22 a\u00f1os, cuyo dise\u00f1o fue seleccionado de entre otros 47 trabajos presentados. El s\u00edmbolo fue bendecido por el Papa Francisco y declarado de inter\u00e9s por las C\u00e1maras de Diputados y Senadores de la Provincia.<\/p>\n\n\n\n<p>La insignia es usada con m\u00e1stil propio en todos los actos oficiales en la que se enarbolen el pabell\u00f3n argentino y el provincial. Su d\u00eda se conmemora el 29 de junio de cada a\u00f1o, fecha en que la bandera fue entronizada&nbsp;por primera vez en suelo correntino, en el a\u00f1o 2014. Aquella primera bandera fue la bendecida por el Santo Padre y ahora est\u00e1 protegida por una urna de cristal y exhibida en el Museo de Sitio y Archivo Digital de la Ciudad que funciona en Casa Molina -Carlos Pellegrini 937-.<br><br><strong>Significado de sus colores y elementos<\/strong><\/p>\n\n\n\n<hr class=\"wp-block-separator\"\/>\n\n\n\n<p class=\"has-text-align-left\"><strong>*&nbsp;<\/strong>&nbsp;<strong>Rojo:<\/strong>&nbsp;Color representativo del Federalismo que enmarca en dos franjas verticales a la Bandera Argentina; de la sangre derramada por nuestros combatientes en Malvinas; de la Fuerza del Esp\u00edritu Santo, seg\u00fan la liturg\u00eda cristiana; del amor y la calidez de la gente de nuestro pueblo.<br><br><strong>*&nbsp;<\/strong>&nbsp;<strong>Celeste:<\/strong>&nbsp;Color elegido por Manuel Belgrano para la bandera argentina, y que fue adoptado tambi\u00e9n para la bandera de la Provincia de Corrientes. Adem\u00e1s es representativo del cielo correntino y del manto de nuestra Se\u00f1ora de Itat\u00ed.<br><br><strong>*&nbsp;<\/strong>&nbsp;<strong>Blanco:<\/strong>&nbsp;Tambi\u00e9n fue un color elegido por Manuel Belgrano para la bandera de nuestro pa\u00eds y que fue adoptado para la bandera provincial. Representa a Dios y simboliza la paz a la que aspiramos como sociedad.<br><br><strong>*&nbsp;<\/strong>&nbsp;<strong>Sol:<\/strong>&nbsp;Representa la vida y al atardecer correntino, visto desde nuestra privilegiada Costanera. La Cruz fundacional est\u00e1 inserta en el centro, como muestra de la fe del pueblo y la historia de la fundaci\u00f3n de la ciudad.<br><br><strong>*&nbsp;<\/strong>&nbsp;<strong>Siete puntas de lanzas:<\/strong>&nbsp;Representan las Siete Puntas de Corrientes, lo que nos remite al antiguo nombre de la ciudad -San Juan de Vera de las Siete Corrientes-. Hacen referencia a la geograf\u00eda costera, marcada por siete pen\u00ednsulas que sobresalen sobre hacia el r\u00edo y generan fuertes corrientes de agua. Tambi\u00e9n representan a nuestros habitantes originarios, los Guaran\u00edes, que utilizaban estas armas para la pesca y para la guerra.<\/p>\n\n\n\n<figure class=\"wp-block-image size-large is-resized\"><img decoding=\"async\" loading=\"lazy\" src=\"https:\/\/isef-crr.infd.edu.ar\/sitio\/wp-content\/uploads\/2021\/09\/bandera_de_la_ciudad_0_1.jpg\" alt=\"\" class=\"wp-image-1902\" width=\"743\" height=\"477\"\/><\/figure>\n","protected":false},"excerpt":{"rendered":"","protected":false},"author":666,"featured_media":1900,"comment_status":"open","ping_status":"open","sticky":false,"template":"","format":"standard","meta":[],"categories":[10],"tags":[43],"acf":[],"_links":{"self":[{"href":"https:\/\/isef-crr.infd.edu.ar\/sitio\/wp-json\/wp\/v2\/posts\/1899"}],"collection":[{"href":"https:\/\/isef-crr.infd.edu.ar\/sitio\/wp-json\/wp\/v2\/posts"}],"about":[{"href":"https:\/\/isef-crr.infd.edu.ar\/sitio\/wp-json\/wp\/v2\/types\/post"}],"author":[{"embeddable":true,"href":"https:\/\/isef-crr.infd.edu.ar\/sitio\/wp-json\/wp\/v2\/users\/666"}],"replies":[{"embeddable":true,"href":"https:\/\/isef-crr.infd.edu.ar\/sitio\/wp-json\/wp\/v2\/comments?post=1899"}],"version-history":[{"count":6,"href":"https:\/\/isef-crr.infd.edu.ar\/sitio\/wp-json\/wp\/v2\/posts\/1899\/revisions"}],"predecessor-version":[{"id":1909,"href":"https:\/\/isef-crr.infd.edu.ar\/sitio\/wp-json\/wp\/v2\/posts\/1899\/revisions\/1909"}],"wp:featuredmedia":[{"embeddable":true,"href":"https:\/\/isef-crr.infd.edu.ar\/sitio\/wp-json\/wp\/v2\/media\/1900"}],"wp:attachment":[{"href":"https:\/\/isef-crr.infd.edu.ar\/sitio\/wp-json\/wp\/v2\/media?parent=1899"}],"wp:term":[{"taxonomy":"category","embeddable":true,"href":"https:\/\/isef-crr.infd.edu.ar\/sitio\/wp-json\/wp\/v2\/categories?post=1899"},{"taxonomy":"post_tag","embeddable":true,"href":"https:\/\/isef-crr.infd.edu.ar\/sitio\/wp-json\/wp\/v2\/tags?post=1899"}],"curies":[{"name":"wp","href":"https:\/\/api.w.org\/{rel}","templated":true}]}}