{"id":1911,"date":"2021-09-27T09:50:48","date_gmt":"2021-09-27T12:50:48","guid":{"rendered":"https:\/\/isef-crr.infd.edu.ar\/sitio\/?p=1911"},"modified":"2021-09-27T09:56:40","modified_gmt":"2021-09-27T12:56:40","slug":"inscripcion-extraordinaria-6","status":"publish","type":"post","link":"https:\/\/isef-crr.infd.edu.ar\/sitio\/inscripcion-extraordinaria-6\/","title":{"rendered":"Inscripci\u00f3n Extraordinaria: Historia y Pol\u00edtica de la Educaci\u00f3n Argentina"},"content":{"rendered":"\n<p><\/p>\n\n\n\n<!--more-->\n\n\n\n<p class=\"has-text-align-right\">Corrientes, 27 de Septiembre de 2021<\/p>\n\n\n\n<p>El Instituto Superior de Educaci\u00f3n F\u00edsica \u201cProf. Antonio A. \u00c1lvarez\u201d convoca a Inscripci\u00f3n Extraordinaria<strong> desde la fecha y hasta el 28 de Septiembre<\/strong>, para cubrir horas Interinas en el espacio curricular <strong>Historia y Pol\u00edtica de la Educaci\u00f3n Argentina <\/strong>correspondiente al <strong>3er a\u00f1o<\/strong> de la carrera del Profesorado de Educaci\u00f3n F\u00edsica de la <strong>extensi\u00f3n \u00e1ulica It\u00e1 Ibat\u00e9<\/strong>.<\/p>\n\n\n\n<p>La pre-inscripci\u00f3n se realiza por plataforma SIMA educativa por el link <a href=\"http:\/\/simaeducativa.mec.gob.ar\/modulo\/interinatoysuplencia\/?efisica\">http:\/\/simaeducativa.mec.gob.ar\/modulo\/interinatoysuplencia\/?efisica<\/a> y la recepci\u00f3n de documentaci\u00f3n de los aspirantes se realizar\u00e1 en sede central (Capital) los d\u00edas Lunes 27 y Martes 28 de 8 a 11 y de 15 a 18 hs.<\/p>\n\n\n\n<p>El perfil docente para dicho espacio curricular es:<\/p>\n\n\n\n<ul><li>Profesor en Ciencias de la Educaci\u00f3n.<\/li><\/ul>\n\n\n\n<p>Sin otro particular los saludo atentamente.-<\/p>\n\n\n\n<p class=\"has-text-align-right\">Rectora Normalizadora<\/p>\n\n\n\n<p class=\"has-text-align-right\">Lic. M\u00f3nica Iturria Vallejos<\/p>\n","protected":false},"excerpt":{"rendered":"","protected":false},"author":666,"featured_media":1729,"comment_status":"open","ping_status":"open","sticky":false,"template":"","format":"standard","meta":[],"categories":[45],"tags":[50],"acf":[],"_links":{"self":[{"href":"https:\/\/isef-crr.infd.edu.ar\/sitio\/wp-json\/wp\/v2\/posts\/1911"}],"collection":[{"href":"https:\/\/isef-crr.infd.edu.ar\/sitio\/wp-json\/wp\/v2\/posts"}],"about":[{"href":"https:\/\/isef-crr.infd.edu.ar\/sitio\/wp-json\/wp\/v2\/types\/post"}],"author":[{"embeddable":true,"href":"https:\/\/isef-crr.infd.edu.ar\/sitio\/wp-json\/wp\/v2\/users\/666"}],"replies":[{"embeddable":true,"href":"https:\/\/isef-crr.infd.edu.ar\/sitio\/wp-json\/wp\/v2\/comments?post=1911"}],"version-history":[{"count":3,"href":"https:\/\/isef-crr.infd.edu.ar\/sitio\/wp-json\/wp\/v2\/posts\/1911\/revisions"}],"predecessor-version":[{"id":1915,"href":"https:\/\/isef-crr.infd.edu.ar\/sitio\/wp-json\/wp\/v2\/posts\/1911\/revisions\/1915"}],"wp:featuredmedia":[{"embeddable":true,"href":"https:\/\/isef-crr.infd.edu.ar\/sitio\/wp-json\/wp\/v2\/media\/1729"}],"wp:attachment":[{"href":"https:\/\/isef-crr.infd.edu.ar\/sitio\/wp-json\/wp\/v2\/media?parent=1911"}],"wp:term":[{"taxonomy":"category","embeddable":true,"href":"https:\/\/isef-crr.infd.edu.ar\/sitio\/wp-json\/wp\/v2\/categories?post=1911"},{"taxonomy":"post_tag","embeddable":true,"href":"https:\/\/isef-crr.infd.edu.ar\/sitio\/wp-json\/wp\/v2\/tags?post=1911"}],"curies":[{"name":"wp","href":"https:\/\/api.w.org\/{rel}","templated":true}]}}