{"id":1916,"date":"2021-10-26T21:53:23","date_gmt":"2021-10-27T00:53:23","guid":{"rendered":"https:\/\/isef-crr.infd.edu.ar\/sitio\/?p=1916"},"modified":"2021-10-28T08:56:53","modified_gmt":"2021-10-28T11:56:53","slug":"oferta-de-capacitacion-actualizacion-academica-la-ensenanza-de-la-educacion-fisica-en-el-nivel-primario","status":"publish","type":"post","link":"https:\/\/isef-crr.infd.edu.ar\/sitio\/oferta-de-capacitacion-actualizacion-academica-la-ensenanza-de-la-educacion-fisica-en-el-nivel-primario\/","title":{"rendered":"Oferta de Capacitaci\u00f3n: Actualizaci\u00f3n Acad\u00e9mica \u00abLa Ense\u00f1anza de la Educaci\u00f3n F\u00edsica en el Nivel Primario\u00bb."},"content":{"rendered":"\n<p><\/p>\n\n\n\n<figure class=\"wp-block-image size-large\"><img decoding=\"async\" loading=\"lazy\" width=\"1900\" height=\"1900\" src=\"https:\/\/isef-crr.infd.edu.ar\/sitio\/wp-content\/uploads\/2021\/10\/actualizacion-academica-200-hs-1900x1900.png\" alt=\"\" class=\"wp-image-1917\" srcset=\"https:\/\/isef-crr.infd.edu.ar\/sitio\/wp-content\/uploads\/2021\/10\/actualizacion-academica-200-hs-1900x1900.png 1900w, https:\/\/isef-crr.infd.edu.ar\/sitio\/wp-content\/uploads\/2021\/10\/actualizacion-academica-200-hs-1000x1000.png 1000w, https:\/\/isef-crr.infd.edu.ar\/sitio\/wp-content\/uploads\/2021\/10\/actualizacion-academica-200-hs-500x500.png 500w, https:\/\/isef-crr.infd.edu.ar\/sitio\/wp-content\/uploads\/2021\/10\/actualizacion-academica-200-hs-768x768.png 768w, https:\/\/isef-crr.infd.edu.ar\/sitio\/wp-content\/uploads\/2021\/10\/actualizacion-academica-200-hs-1536x1536.png 1536w, https:\/\/isef-crr.infd.edu.ar\/sitio\/wp-content\/uploads\/2021\/10\/actualizacion-academica-200-hs-2048x2048.png 2048w\" sizes=\"(max-width: 1900px) 100vw, 1900px\" \/><\/figure>\n\n\n\n<p><\/p>\n\n\n\n<p>\u00a1Nueva oferta de capacitaci\u00f3n! Una propuesta formativa de Actualizaci\u00f3n en La ense\u00f1anza de a Educaci\u00f3n F\u00edsica en el Nivel Primario, de calidad, centrada en contenidos y en nuevas estrategias did\u00e1cticas para la ense\u00f1anza de los juegos recreativos, la gimnasia y los deportes colectivos en el Nivel Primario.<\/p>\n\n\n\n<p>Destinada a profesores de Educaci\u00f3n F\u00edsica que se desempe\u00f1an en el Nivel Primario.<\/p>\n\n\n\n<p>Abierta la inscripci\u00f3n viernes 29 de octubre 9:00 hs. desde el CAT\u00c1LOGO SIMA: <a rel=\"noreferrer noopener\" href=\"http:\/\/sima.mec.gob.ar\/catalogo\/?fbclid=IwAR2zfQTCyV9x9IoZhQ3kBM5crmLyHukZHGOn0M7ETerowB4YFf0ElymZZHg\" target=\"_blank\">http:\/\/sima.mec.gob.ar\/catalogo\/<\/a><\/p>\n\n\n\n<p>Coordinadora de Formaci\u00f3n Docente Continua: Profesora Nancy Segovia<\/p>\n","protected":false},"excerpt":{"rendered":"<p>\u00a1Nueva oferta de capacitaci\u00f3n! Una propuesta formativa de Actualizaci\u00f3n en La ense\u00f1anza de a Educaci\u00f3n F\u00edsica en el Nivel Primario, de calidad, centrada en contenidos y en nuevas estrategias did\u00e1cticas para la ense\u00f1anza de los juegos recreativos, la gimnasia y los deportes colectivos en el Nivel Primario. Destinada a profesores de Educaci\u00f3n F\u00edsica que se &#8230; <a title=\"Oferta de Capacitaci\u00f3n: Actualizaci\u00f3n Acad\u00e9mica \u00abLa Ense\u00f1anza de la Educaci\u00f3n F\u00edsica en el Nivel Primario\u00bb.\" class=\"read-more\" href=\"https:\/\/isef-crr.infd.edu.ar\/sitio\/oferta-de-capacitacion-actualizacion-academica-la-ensenanza-de-la-educacion-fisica-en-el-nivel-primario\/\" aria-label=\"More on Oferta de Capacitaci\u00f3n: Actualizaci\u00f3n Acad\u00e9mica \u00abLa Ense\u00f1anza de la Educaci\u00f3n F\u00edsica en el Nivel Primario\u00bb.\">[+]<\/a><\/p>\n","protected":false},"author":321,"featured_media":1920,"comment_status":"open","ping_status":"open","sticky":false,"template":"","format":"standard","meta":[],"categories":[1],"tags":[],"acf":[],"_links":{"self":[{"href":"https:\/\/isef-crr.infd.edu.ar\/sitio\/wp-json\/wp\/v2\/posts\/1916"}],"collection":[{"href":"https:\/\/isef-crr.infd.edu.ar\/sitio\/wp-json\/wp\/v2\/posts"}],"about":[{"href":"https:\/\/isef-crr.infd.edu.ar\/sitio\/wp-json\/wp\/v2\/types\/post"}],"author":[{"embeddable":true,"href":"https:\/\/isef-crr.infd.edu.ar\/sitio\/wp-json\/wp\/v2\/users\/321"}],"replies":[{"embeddable":true,"href":"https:\/\/isef-crr.infd.edu.ar\/sitio\/wp-json\/wp\/v2\/comments?post=1916"}],"version-history":[{"count":2,"href":"https:\/\/isef-crr.infd.edu.ar\/sitio\/wp-json\/wp\/v2\/posts\/1916\/revisions"}],"predecessor-version":[{"id":1919,"href":"https:\/\/isef-crr.infd.edu.ar\/sitio\/wp-json\/wp\/v2\/posts\/1916\/revisions\/1919"}],"wp:featuredmedia":[{"embeddable":true,"href":"https:\/\/isef-crr.infd.edu.ar\/sitio\/wp-json\/wp\/v2\/media\/1920"}],"wp:attachment":[{"href":"https:\/\/isef-crr.infd.edu.ar\/sitio\/wp-json\/wp\/v2\/media?parent=1916"}],"wp:term":[{"taxonomy":"category","embeddable":true,"href":"https:\/\/isef-crr.infd.edu.ar\/sitio\/wp-json\/wp\/v2\/categories?post=1916"},{"taxonomy":"post_tag","embeddable":true,"href":"https:\/\/isef-crr.infd.edu.ar\/sitio\/wp-json\/wp\/v2\/tags?post=1916"}],"curies":[{"name":"wp","href":"https:\/\/api.w.org\/{rel}","templated":true}]}}