{"id":1928,"date":"2021-11-09T12:04:16","date_gmt":"2021-11-09T15:04:16","guid":{"rendered":"https:\/\/isef-crr.infd.edu.ar\/sitio\/?p=1928"},"modified":"2021-11-11T08:04:33","modified_gmt":"2021-11-11T11:04:33","slug":"pre-inscripcion-2022","status":"publish","type":"post","link":"https:\/\/isef-crr.infd.edu.ar\/sitio\/pre-inscripcion-2022\/","title":{"rendered":"Pre inscripci\u00f3n 2022"},"content":{"rendered":"\n<!--more-->\n\n\n\n<figure class=\"wp-block-image size-large is-resized is-style-default\"><img decoding=\"async\" loading=\"lazy\" src=\"https:\/\/isef-crr.infd.edu.ar\/sitio\/wp-content\/uploads\/2021\/11\/96a4e754-f996-456c-999a-fc1199f2ecf6-1.jpg\" alt=\"\" class=\"wp-image-1939\" width=\"687\" height=\"456\" srcset=\"https:\/\/isef-crr.infd.edu.ar\/sitio\/wp-content\/uploads\/2021\/11\/96a4e754-f996-456c-999a-fc1199f2ecf6-1.jpg 1280w, https:\/\/isef-crr.infd.edu.ar\/sitio\/wp-content\/uploads\/2021\/11\/96a4e754-f996-456c-999a-fc1199f2ecf6-1-768x511.jpg 768w\" sizes=\"(max-width: 687px) 100vw, 687px\" \/><\/figure>\n\n\n\n<p class=\"has-text-align-center\"><strong><u>COMUNICADO A LOS ASPIRANTES<\/u><\/strong><\/p>\n\n\n\n<p>La Rector\u00eda del ISEF comunica:<\/p>\n\n\n\n<ul><li><strong><u>PRE-INSCRIPCI\u00d3N<\/u><\/strong><\/li><\/ul>\n\n\n\n<p>&nbsp;Alumnos aspirantes al primer a\u00f1o del Profesorado de Educaci\u00f3n F\u00edsica &nbsp;es desde el 13 al 31 de diciembre o hasta completar el cupo asignado.<\/p>\n\n\n\n<p>Link para la pre-Inscripci\u00f3n: <a href=\"http:\/\/simaeducativa.mec.gob.ar\/ingresantes\/\">http:\/\/simaeducativa.mec.gob.ar\/ingresantes\/<\/a><\/p>\n\n\n\n<ul><li><strong><u>INSCRIPCION (d\u00eda y fecha a confirmar)<\/u><\/strong><\/li><\/ul>\n\n\n\n<p>Requisitos:<\/p>\n\n\n\n<p>Para la <strong>inscripci\u00f3n efectiva<\/strong> de la carrera del Profesorado de Educaci\u00f3n F\u00edsica, los interesados deber\u00e1n presentar en las instalaciones del ISEF la siguiente documentaci\u00f3n en una <strong>CARPETA COLGANTE.<\/strong><\/p>\n\n\n\n<ul><li>Solicitud de inscripci\u00f3n por nota a la Rector\u00eda del I.S.E.F.<\/li><li>T\u00edtulo del Nivel Secundario o su equivalente. Si el mismo se encontrara &nbsp;en tr\u00e1mite; se permitir\u00e1 presentar \u201cCertificado de Culminaci\u00f3n del Nivel Secundario\u201d que consigne &nbsp;<strong>NO&nbsp; ADEUDA MATERIAS.<\/strong><\/li><li>Si no posee t\u00edtulo secundario, debe ser mayor a 25 a\u00f1os y demostrar a trav\u00e9s de evaluaciones administradas a tal fin, poseer conocimientos y aptitudes y\/o experiencia laboral acorde con los estudios que se propone iniciar.<\/li><li>Partida de Nacimiento original o fotocopia autenticada. Edad m\u00ednima de ingreso 16 a\u00f1os cumplidos antes del 31 de marzo del a\u00f1o en curso.<\/li><li>Examen psicof\u00edsico en relaci\u00f3n con las condiciones de salud; por lo que deber\u00e1n presentar Certificados M\u00e9dicos con informe por separados, a saber::<\/li><\/ul>\n\n\n\n<p>\u00a8 Aptitud F\u00edsica que exprese claramente que se encuentra en condiciones de realizar la carrera de Educaci\u00f3n F\u00edsica, con informe m\u00e9dico.<\/p>\n\n\n\n<p>\u00a8 Electrocardiograma y Ergometr\u00eda con informe.<\/p>\n\n\n\n<p>\u00a8 Odontol\u00f3gico.<\/p>\n\n\n\n<p>\u00a8 Oftalmol\u00f3gico.<\/p>\n\n\n\n<p>\u00a8 Otorrinolaringol\u00f3gico.<\/p>\n\n\n\n<p>\u00a8 Psiqui\u00e1trico\/Psicol\u00f3gico- \u201cTest Proyectivo\u201d.<\/p>\n\n\n\n<p>\u00a8 Grupo Sangu\u00edneo.<\/p>\n\n\n\n<p>\u00a8 Laboratorio completo. \u2013 Chagas \u2013 Mazza.<\/p>\n\n\n\n<p>\u00a8 Certificado de vacunas completas seg\u00fan lo establece el Ministerio de Salud P\u00fablica.<\/p>\n\n\n\n<p>Todo lo referido a salud, debe provenir de Organismos Oficiales (Hospital o CAPS) u Organismo Privado.<\/p>\n\n\n\n<ul><li>Certificado de Buena Conducta.<\/li><li>Tres fotograf\u00edas tipo Carnet 4 x 4.<\/li><li>Fotocopia del DNI: ambos lados (Autenticados)<\/li><li>Acta de conformidad firmada. &nbsp;Si fuese menor de 18 a\u00f1os, dicha normativa y autorizaci\u00f3n de inscripci\u00f3n a la carrera debe estar firmada por el Tutor\/a. *El acta de Conformidad ser\u00e1 entregada en el ISEF al momento de la presentaci\u00f3n de la <strong>CARPETA COLGANTE.<\/strong><\/li><\/ul>\n\n\n\n<p><strong>Presentaci\u00f3n:<\/strong> la documentaci\u00f3n deber\u00e1 estar ordenada en la carpeta seg\u00fan los puntos anteriores, juntamente&nbsp; con el Acta de conformidad firmada, con identificaci\u00f3n externa: Apellido\/s Nombres y DNI, en letras grandes. Todas las fotocopias deben ser legibles. Autenticadas por autoridad oficial (escribano, polic\u00eda o autoridad que expide la documentaci\u00f3n). <strong>Dicha presentaci\u00f3n de la carpeta, con toda la documentaci\u00f3n, deber\u00e1 realizarse en el Instituto Superior de Educaci\u00f3n F\u00edsica \u201cProf. Antonio A. \u00c1lvarez\u201d, en el d\u00eda y horario designado oportunamente<\/strong>. La presentaci\u00f3n de una o m\u00e1s documentaciones requeridas o presentadas fuera de la fecha y horarios designados, implica la desestimaci\u00f3n de la inscripci\u00f3n.<\/p>\n\n\n\n<p>&nbsp;<\/p>\n","protected":false},"excerpt":{"rendered":"","protected":false},"author":666,"featured_media":1937,"comment_status":"open","ping_status":"open","sticky":false,"template":"","format":"standard","meta":[],"categories":[8,27],"tags":[102,50,103],"acf":[],"_links":{"self":[{"href":"https:\/\/isef-crr.infd.edu.ar\/sitio\/wp-json\/wp\/v2\/posts\/1928"}],"collection":[{"href":"https:\/\/isef-crr.infd.edu.ar\/sitio\/wp-json\/wp\/v2\/posts"}],"about":[{"href":"https:\/\/isef-crr.infd.edu.ar\/sitio\/wp-json\/wp\/v2\/types\/post"}],"author":[{"embeddable":true,"href":"https:\/\/isef-crr.infd.edu.ar\/sitio\/wp-json\/wp\/v2\/users\/666"}],"replies":[{"embeddable":true,"href":"https:\/\/isef-crr.infd.edu.ar\/sitio\/wp-json\/wp\/v2\/comments?post=1928"}],"version-history":[{"count":7,"href":"https:\/\/isef-crr.infd.edu.ar\/sitio\/wp-json\/wp\/v2\/posts\/1928\/revisions"}],"predecessor-version":[{"id":1942,"href":"https:\/\/isef-crr.infd.edu.ar\/sitio\/wp-json\/wp\/v2\/posts\/1928\/revisions\/1942"}],"wp:featuredmedia":[{"embeddable":true,"href":"https:\/\/isef-crr.infd.edu.ar\/sitio\/wp-json\/wp\/v2\/media\/1937"}],"wp:attachment":[{"href":"https:\/\/isef-crr.infd.edu.ar\/sitio\/wp-json\/wp\/v2\/media?parent=1928"}],"wp:term":[{"taxonomy":"category","embeddable":true,"href":"https:\/\/isef-crr.infd.edu.ar\/sitio\/wp-json\/wp\/v2\/categories?post=1928"},{"taxonomy":"post_tag","embeddable":true,"href":"https:\/\/isef-crr.infd.edu.ar\/sitio\/wp-json\/wp\/v2\/tags?post=1928"}],"curies":[{"name":"wp","href":"https:\/\/api.w.org\/{rel}","templated":true}]}}