{"id":2053,"date":"2022-03-22T22:07:52","date_gmt":"2022-03-23T01:07:52","guid":{"rendered":"https:\/\/isef-crr.infd.edu.ar\/sitio\/?p=2053"},"modified":"2022-03-22T22:07:54","modified_gmt":"2022-03-23T01:07:54","slug":"inicio-del-ciclo-lectivo-2022-en-el-instituto-superior-de-educacion-fisica-prof-antonio-alejandro-alvarez","status":"publish","type":"post","link":"https:\/\/isef-crr.infd.edu.ar\/sitio\/inicio-del-ciclo-lectivo-2022-en-el-instituto-superior-de-educacion-fisica-prof-antonio-alejandro-alvarez\/","title":{"rendered":"Inicio del ciclo lectivo 2022 en el Instituto Superior de Educaci\u00f3n F\u00edsica \u201cProf. Antonio Alejandro \u00c1lvarez\u201d"},"content":{"rendered":"\n<p>En el Instituto Superior de Educaci\u00f3n F\u00edsica \u201cProf. Antonio Alejandro \u00c1lvarez\u201d esta Ma\u00f1ana se dio Inicio al ciclo lectivo 2022, estuvieron presentes el Director de la Direcci\u00f3n de Educaci\u00f3n F\u00edsica Lic. Alejandro Simoni, el Rector Normalizador Lic. Sergio Sainz, la Secretaria Acad\u00e9mica Mar\u00eda Gabriela Gallegos, profesores y Estudiantes.<\/p>\n\n\n\n<p>Se le desea el mayor de los \u00e9xitos a toda la Comunidad Educativa.<\/p>\n\n\n\n<figure class=\"wp-block-image size-large\"><img decoding=\"async\" loading=\"lazy\" width=\"774\" height=\"595\" src=\"https:\/\/isef-crr.infd.edu.ar\/sitio\/wp-content\/uploads\/2022\/03\/profe-alejandro-1.jpeg\" alt=\"\" class=\"wp-image-2054\" srcset=\"https:\/\/isef-crr.infd.edu.ar\/sitio\/wp-content\/uploads\/2022\/03\/profe-alejandro-1.jpeg 774w, https:\/\/isef-crr.infd.edu.ar\/sitio\/wp-content\/uploads\/2022\/03\/profe-alejandro-1-768x590.jpeg 768w\" sizes=\"(max-width: 774px) 100vw, 774px\" \/><\/figure>\n\n\n\n<figure class=\"wp-block-image size-large\"><img decoding=\"async\" loading=\"lazy\" width=\"816\" height=\"631\" src=\"https:\/\/isef-crr.infd.edu.ar\/sitio\/wp-content\/uploads\/2022\/03\/profe-sainz-1.jpeg\" alt=\"\" class=\"wp-image-2055\" srcset=\"https:\/\/isef-crr.infd.edu.ar\/sitio\/wp-content\/uploads\/2022\/03\/profe-sainz-1.jpeg 816w, https:\/\/isef-crr.infd.edu.ar\/sitio\/wp-content\/uploads\/2022\/03\/profe-sainz-1-768x594.jpeg 768w\" sizes=\"(max-width: 816px) 100vw, 816px\" \/><\/figure>\n\n\n\n<figure class=\"wp-block-image size-large\"><img decoding=\"async\" loading=\"lazy\" width=\"858\" height=\"689\" src=\"https:\/\/isef-crr.infd.edu.ar\/sitio\/wp-content\/uploads\/2022\/03\/profe-gaby-1.jpeg\" alt=\"\" class=\"wp-image-2056\" srcset=\"https:\/\/isef-crr.infd.edu.ar\/sitio\/wp-content\/uploads\/2022\/03\/profe-gaby-1.jpeg 858w, https:\/\/isef-crr.infd.edu.ar\/sitio\/wp-content\/uploads\/2022\/03\/profe-gaby-1-768x617.jpeg 768w\" sizes=\"(max-width: 858px) 100vw, 858px\" \/><\/figure>\n\n\n\n<figure class=\"wp-block-image size-large\"><img decoding=\"async\" loading=\"lazy\" width=\"1600\" height=\"1200\" src=\"https:\/\/isef-crr.infd.edu.ar\/sitio\/wp-content\/uploads\/2022\/03\/WhatsApp-Image-2022-03-22-at-08.36.40-2.jpeg\" alt=\"\" class=\"wp-image-2057\" srcset=\"https:\/\/isef-crr.infd.edu.ar\/sitio\/wp-content\/uploads\/2022\/03\/WhatsApp-Image-2022-03-22-at-08.36.40-2.jpeg 1600w, https:\/\/isef-crr.infd.edu.ar\/sitio\/wp-content\/uploads\/2022\/03\/WhatsApp-Image-2022-03-22-at-08.36.40-2-1000x750.jpeg 1000w, https:\/\/isef-crr.infd.edu.ar\/sitio\/wp-content\/uploads\/2022\/03\/WhatsApp-Image-2022-03-22-at-08.36.40-2-768x576.jpeg 768w, https:\/\/isef-crr.infd.edu.ar\/sitio\/wp-content\/uploads\/2022\/03\/WhatsApp-Image-2022-03-22-at-08.36.40-2-1536x1152.jpeg 1536w\" sizes=\"(max-width: 1600px) 100vw, 1600px\" \/><\/figure>\n\n\n\n<figure class=\"wp-block-image size-large\"><img decoding=\"async\" loading=\"lazy\" width=\"1600\" height=\"818\" src=\"https:\/\/isef-crr.infd.edu.ar\/sitio\/wp-content\/uploads\/2022\/03\/WhatsApp-Image-2022-03-22-at-08.13.45-2.jpeg\" alt=\"\" class=\"wp-image-2058\" srcset=\"https:\/\/isef-crr.infd.edu.ar\/sitio\/wp-content\/uploads\/2022\/03\/WhatsApp-Image-2022-03-22-at-08.13.45-2.jpeg 1600w, https:\/\/isef-crr.infd.edu.ar\/sitio\/wp-content\/uploads\/2022\/03\/WhatsApp-Image-2022-03-22-at-08.13.45-2-1000x511.jpeg 1000w, https:\/\/isef-crr.infd.edu.ar\/sitio\/wp-content\/uploads\/2022\/03\/WhatsApp-Image-2022-03-22-at-08.13.45-2-768x393.jpeg 768w, https:\/\/isef-crr.infd.edu.ar\/sitio\/wp-content\/uploads\/2022\/03\/WhatsApp-Image-2022-03-22-at-08.13.45-2-1536x785.jpeg 1536w\" sizes=\"(max-width: 1600px) 100vw, 1600px\" \/><\/figure>\n\n\n\n<figure class=\"wp-block-image size-large\"><img decoding=\"async\" loading=\"lazy\" width=\"1280\" height=\"720\" src=\"https:\/\/isef-crr.infd.edu.ar\/sitio\/wp-content\/uploads\/2022\/03\/WhatsApp-Image-2022-03-22-at-07.46.17-2.jpeg\" alt=\"\" class=\"wp-image-2059\" srcset=\"https:\/\/isef-crr.infd.edu.ar\/sitio\/wp-content\/uploads\/2022\/03\/WhatsApp-Image-2022-03-22-at-07.46.17-2.jpeg 1280w, https:\/\/isef-crr.infd.edu.ar\/sitio\/wp-content\/uploads\/2022\/03\/WhatsApp-Image-2022-03-22-at-07.46.17-2-1000x563.jpeg 1000w, https:\/\/isef-crr.infd.edu.ar\/sitio\/wp-content\/uploads\/2022\/03\/WhatsApp-Image-2022-03-22-at-07.46.17-2-768x432.jpeg 768w\" sizes=\"(max-width: 1280px) 100vw, 1280px\" \/><\/figure>\n","protected":false},"excerpt":{"rendered":"<p>En el Instituto Superior de Educaci\u00f3n F\u00edsica \u201cProf. Antonio Alejandro \u00c1lvarez\u201d esta Ma\u00f1ana se dio Inicio al ciclo lectivo 2022, estuvieron presentes el Director de la Direcci\u00f3n de Educaci\u00f3n F\u00edsica Lic. Alejandro Simoni, el Rector Normalizador Lic. Sergio Sainz, la Secretaria Acad\u00e9mica Mar\u00eda Gabriela Gallegos, profesores y Estudiantes. Se le desea el mayor de los &#8230; <a title=\"Inicio del ciclo lectivo 2022 en el Instituto Superior de Educaci\u00f3n F\u00edsica \u201cProf. Antonio Alejandro \u00c1lvarez\u201d\" class=\"read-more\" href=\"https:\/\/isef-crr.infd.edu.ar\/sitio\/inicio-del-ciclo-lectivo-2022-en-el-instituto-superior-de-educacion-fisica-prof-antonio-alejandro-alvarez\/\" aria-label=\"More on Inicio del ciclo lectivo 2022 en el Instituto Superior de Educaci\u00f3n F\u00edsica \u201cProf. Antonio Alejandro \u00c1lvarez\u201d\">[+]<\/a><\/p>\n","protected":false},"author":321,"featured_media":0,"comment_status":"open","ping_status":"open","sticky":false,"template":"","format":"standard","meta":[],"categories":[1],"tags":[],"acf":[],"_links":{"self":[{"href":"https:\/\/isef-crr.infd.edu.ar\/sitio\/wp-json\/wp\/v2\/posts\/2053"}],"collection":[{"href":"https:\/\/isef-crr.infd.edu.ar\/sitio\/wp-json\/wp\/v2\/posts"}],"about":[{"href":"https:\/\/isef-crr.infd.edu.ar\/sitio\/wp-json\/wp\/v2\/types\/post"}],"author":[{"embeddable":true,"href":"https:\/\/isef-crr.infd.edu.ar\/sitio\/wp-json\/wp\/v2\/users\/321"}],"replies":[{"embeddable":true,"href":"https:\/\/isef-crr.infd.edu.ar\/sitio\/wp-json\/wp\/v2\/comments?post=2053"}],"version-history":[{"count":1,"href":"https:\/\/isef-crr.infd.edu.ar\/sitio\/wp-json\/wp\/v2\/posts\/2053\/revisions"}],"predecessor-version":[{"id":2060,"href":"https:\/\/isef-crr.infd.edu.ar\/sitio\/wp-json\/wp\/v2\/posts\/2053\/revisions\/2060"}],"wp:attachment":[{"href":"https:\/\/isef-crr.infd.edu.ar\/sitio\/wp-json\/wp\/v2\/media?parent=2053"}],"wp:term":[{"taxonomy":"category","embeddable":true,"href":"https:\/\/isef-crr.infd.edu.ar\/sitio\/wp-json\/wp\/v2\/categories?post=2053"},{"taxonomy":"post_tag","embeddable":true,"href":"https:\/\/isef-crr.infd.edu.ar\/sitio\/wp-json\/wp\/v2\/tags?post=2053"}],"curies":[{"name":"wp","href":"https:\/\/api.w.org\/{rel}","templated":true}]}}