{"id":2087,"date":"2022-03-25T13:04:29","date_gmt":"2022-03-25T16:04:29","guid":{"rendered":"https:\/\/isef-crr.infd.edu.ar\/sitio\/?p=2087"},"modified":"2022-03-25T19:09:19","modified_gmt":"2022-03-25T22:09:19","slug":"reunion-obligatoria-coordinadores","status":"publish","type":"post","link":"https:\/\/isef-crr.infd.edu.ar\/sitio\/reunion-obligatoria-coordinadores\/","title":{"rendered":"Reuni\u00f3n obligatoria coordinadores"},"content":{"rendered":"\n<p>Buenos d\u00edas colegas.  Por medio de la presente se convoca a todos los coordinadores de \u00e1rea, Coordinadores de extensi\u00f3n, sub-sede y CIPE\u00b4S (Excepto Form. Cont\u00ednua y APE) a reuni\u00f3n obligatoria el d\u00eda Lunes 28\/03\/22 de 8 a 12 hs para organizar la Jornada Institucional de \u00abTrayectorias estudiantiles\u00bb a realizarse el 30\/03 por convocatoria de la Direcci\u00f3n de Nivel Superior que se focalizar\u00e1 en el Fortalecimiento de las Trayectorias Estudiantiles, una l\u00ednea de acci\u00f3n estrat\u00e9gica que articula la Formaci\u00f3n Docente Inicial y Pol\u00edticas Estudiantiles. Se les adjunta el documento marco para su lectura previa (disponible pr\u00f3ximamente). Atentamente, equipo directivo<\/p>\n\n\n\n<div class=\"wp-block-file\"><a href=\"https:\/\/isef-crr.infd.edu.ar\/sitio\/wp-content\/uploads\/2022\/03\/ISEF-Prof.-Antonio-Alvarez-1-1.pdf\">ISEF-Prof.-Antonio-Alvarez-1-1<\/a><a href=\"https:\/\/isef-crr.infd.edu.ar\/sitio\/wp-content\/uploads\/2022\/03\/ISEF-Prof.-Antonio-Alvarez-1-1.pdf\" class=\"wp-block-file__button\" download>Descarga<\/a><\/div>\n","protected":false},"excerpt":{"rendered":"<p>Buenos d\u00edas colegas. Por medio de la presente se convoca a todos los coordinadores de \u00e1rea, Coordinadores de extensi\u00f3n, sub-sede y CIPE\u00b4S (Excepto Form. Cont\u00ednua y APE) a reuni\u00f3n obligatoria el d\u00eda Lunes 28\/03\/22 de 8 a 12 hs para organizar la Jornada Institucional de \u00abTrayectorias estudiantiles\u00bb a realizarse el 30\/03 por convocatoria de la &#8230; <a title=\"Reuni\u00f3n obligatoria coordinadores\" class=\"read-more\" href=\"https:\/\/isef-crr.infd.edu.ar\/sitio\/reunion-obligatoria-coordinadores\/\" aria-label=\"More on Reuni\u00f3n obligatoria coordinadores\">[+]<\/a><\/p>\n","protected":false},"author":2791,"featured_media":0,"comment_status":"open","ping_status":"open","sticky":false,"template":"","format":"standard","meta":[],"categories":[1],"tags":[],"acf":[],"_links":{"self":[{"href":"https:\/\/isef-crr.infd.edu.ar\/sitio\/wp-json\/wp\/v2\/posts\/2087"}],"collection":[{"href":"https:\/\/isef-crr.infd.edu.ar\/sitio\/wp-json\/wp\/v2\/posts"}],"about":[{"href":"https:\/\/isef-crr.infd.edu.ar\/sitio\/wp-json\/wp\/v2\/types\/post"}],"author":[{"embeddable":true,"href":"https:\/\/isef-crr.infd.edu.ar\/sitio\/wp-json\/wp\/v2\/users\/2791"}],"replies":[{"embeddable":true,"href":"https:\/\/isef-crr.infd.edu.ar\/sitio\/wp-json\/wp\/v2\/comments?post=2087"}],"version-history":[{"count":4,"href":"https:\/\/isef-crr.infd.edu.ar\/sitio\/wp-json\/wp\/v2\/posts\/2087\/revisions"}],"predecessor-version":[{"id":2107,"href":"https:\/\/isef-crr.infd.edu.ar\/sitio\/wp-json\/wp\/v2\/posts\/2087\/revisions\/2107"}],"wp:attachment":[{"href":"https:\/\/isef-crr.infd.edu.ar\/sitio\/wp-json\/wp\/v2\/media?parent=2087"}],"wp:term":[{"taxonomy":"category","embeddable":true,"href":"https:\/\/isef-crr.infd.edu.ar\/sitio\/wp-json\/wp\/v2\/categories?post=2087"},{"taxonomy":"post_tag","embeddable":true,"href":"https:\/\/isef-crr.infd.edu.ar\/sitio\/wp-json\/wp\/v2\/tags?post=2087"}],"curies":[{"name":"wp","href":"https:\/\/api.w.org\/{rel}","templated":true}]}}