{"id":2095,"date":"2022-03-25T14:26:48","date_gmt":"2022-03-25T17:26:48","guid":{"rendered":"https:\/\/isef-crr.infd.edu.ar\/sitio\/?p=2095"},"modified":"2022-03-25T20:28:07","modified_gmt":"2022-03-25T23:28:07","slug":"acto-de-inicio-del-ciclo-lectivo-2022-en-la-subsede","status":"publish","type":"post","link":"https:\/\/isef-crr.infd.edu.ar\/sitio\/acto-de-inicio-del-ciclo-lectivo-2022-en-la-subsede\/","title":{"rendered":"Acto It\u00e1 Ibat\u00e9"},"content":{"rendered":"\n<p>Se realiz\u00f3 el acto de inicio del Profesorado de Educaci\u00f3n F\u00edsica,  el d\u00eda viernes 25 de marzo a las 10:00 hs. , en el predio del Polideportivo Municipal de la ciudad de It\u00e1 Ibat\u00e9.<br> Estuvieron presentes el ooordinador de la subsede Prof. Teodoro Ojeda,  la preceptora Prof. Jessica Altamirano, profesores, padres y estudiantes. <\/p>\n\n\n\n<p>Que tengan feliz y excelente cursado colegas y estudiantes !! <\/p>\n\n\n\n<figure class=\"wp-block-image size-large\"><img decoding=\"async\" loading=\"lazy\" width=\"493\" height=\"297\" src=\"https:\/\/isef-crr.infd.edu.ar\/sitio\/wp-content\/uploads\/2022\/03\/Ito.jpg\" alt=\"\" class=\"wp-image-2108\"\/><\/figure>\n\n\n\n<figure class=\"wp-block-image size-large\"><img decoding=\"async\" loading=\"lazy\" width=\"581\" height=\"259\" src=\"https:\/\/isef-crr.infd.edu.ar\/sitio\/wp-content\/uploads\/2022\/03\/ito-2.jpg\" alt=\"\" class=\"wp-image-2109\"\/><\/figure>\n\n\n\n<p><\/p>\n","protected":false},"excerpt":{"rendered":"<p>Se realiz\u00f3 el acto de inicio del Profesorado de Educaci\u00f3n F\u00edsica, el d\u00eda viernes 25 de marzo a las 10:00 hs. , en el predio del Polideportivo Municipal de la ciudad de It\u00e1 Ibat\u00e9. Estuvieron presentes el ooordinador de la subsede Prof. Teodoro Ojeda, la preceptora Prof. Jessica Altamirano, profesores, padres y estudiantes. Que tengan &#8230; <a title=\"Acto It\u00e1 Ibat\u00e9\" class=\"read-more\" href=\"https:\/\/isef-crr.infd.edu.ar\/sitio\/acto-de-inicio-del-ciclo-lectivo-2022-en-la-subsede\/\" aria-label=\"More on Acto It\u00e1 Ibat\u00e9\">[+]<\/a><\/p>\n","protected":false},"author":2791,"featured_media":0,"comment_status":"open","ping_status":"open","sticky":false,"template":"","format":"standard","meta":[],"categories":[1],"tags":[],"acf":[],"_links":{"self":[{"href":"https:\/\/isef-crr.infd.edu.ar\/sitio\/wp-json\/wp\/v2\/posts\/2095"}],"collection":[{"href":"https:\/\/isef-crr.infd.edu.ar\/sitio\/wp-json\/wp\/v2\/posts"}],"about":[{"href":"https:\/\/isef-crr.infd.edu.ar\/sitio\/wp-json\/wp\/v2\/types\/post"}],"author":[{"embeddable":true,"href":"https:\/\/isef-crr.infd.edu.ar\/sitio\/wp-json\/wp\/v2\/users\/2791"}],"replies":[{"embeddable":true,"href":"https:\/\/isef-crr.infd.edu.ar\/sitio\/wp-json\/wp\/v2\/comments?post=2095"}],"version-history":[{"count":8,"href":"https:\/\/isef-crr.infd.edu.ar\/sitio\/wp-json\/wp\/v2\/posts\/2095\/revisions"}],"predecessor-version":[{"id":2120,"href":"https:\/\/isef-crr.infd.edu.ar\/sitio\/wp-json\/wp\/v2\/posts\/2095\/revisions\/2120"}],"wp:attachment":[{"href":"https:\/\/isef-crr.infd.edu.ar\/sitio\/wp-json\/wp\/v2\/media?parent=2095"}],"wp:term":[{"taxonomy":"category","embeddable":true,"href":"https:\/\/isef-crr.infd.edu.ar\/sitio\/wp-json\/wp\/v2\/categories?post=2095"},{"taxonomy":"post_tag","embeddable":true,"href":"https:\/\/isef-crr.infd.edu.ar\/sitio\/wp-json\/wp\/v2\/tags?post=2095"}],"curies":[{"name":"wp","href":"https:\/\/api.w.org\/{rel}","templated":true}]}}