{"id":2111,"date":"2022-03-25T19:49:21","date_gmt":"2022-03-25T22:49:21","guid":{"rendered":"https:\/\/isef-crr.infd.edu.ar\/sitio\/?p=2111"},"modified":"2022-03-25T19:49:23","modified_gmt":"2022-03-25T22:49:23","slug":"reunion-con-dns","status":"publish","type":"post","link":"https:\/\/isef-crr.infd.edu.ar\/sitio\/reunion-con-dns\/","title":{"rendered":"Reuni\u00f3n con DNS"},"content":{"rendered":"\n<p>En la tarde de hoy viernes 25\/03 se realiz\u00f3 una Reuni\u00f3n con Direcci\u00f3n de Nivel Superior por el proyecto de Fortalecimiento a las trayectorias estudiantiles. En la Jornada Institucional de la pr\u00f3xima semana, iniciamos el camino de dise\u00f1o, para luego concretarlo durante 6 meses como m\u00ednimo. En breve saldr\u00e1 circular. <\/p>\n\n\n\n<figure class=\"wp-block-image size-large\"><img decoding=\"async\" loading=\"lazy\" width=\"742\" height=\"411\" src=\"https:\/\/isef-crr.infd.edu.ar\/sitio\/wp-content\/uploads\/2022\/03\/Screenshot_20220325-193922.png\" alt=\"\" class=\"wp-image-2118\"\/><\/figure>\n","protected":false},"excerpt":{"rendered":"<p>En la tarde de hoy viernes 25\/03 se realiz\u00f3 una Reuni\u00f3n con Direcci\u00f3n de Nivel Superior por el proyecto de Fortalecimiento a las trayectorias estudiantiles. En la Jornada Institucional de la pr\u00f3xima semana, iniciamos el camino de dise\u00f1o, para luego concretarlo durante 6 meses como m\u00ednimo. En breve saldr\u00e1 circular.<\/p>\n","protected":false},"author":2791,"featured_media":0,"comment_status":"open","ping_status":"open","sticky":false,"template":"","format":"standard","meta":[],"categories":[1],"tags":[],"acf":[],"_links":{"self":[{"href":"https:\/\/isef-crr.infd.edu.ar\/sitio\/wp-json\/wp\/v2\/posts\/2111"}],"collection":[{"href":"https:\/\/isef-crr.infd.edu.ar\/sitio\/wp-json\/wp\/v2\/posts"}],"about":[{"href":"https:\/\/isef-crr.infd.edu.ar\/sitio\/wp-json\/wp\/v2\/types\/post"}],"author":[{"embeddable":true,"href":"https:\/\/isef-crr.infd.edu.ar\/sitio\/wp-json\/wp\/v2\/users\/2791"}],"replies":[{"embeddable":true,"href":"https:\/\/isef-crr.infd.edu.ar\/sitio\/wp-json\/wp\/v2\/comments?post=2111"}],"version-history":[{"count":1,"href":"https:\/\/isef-crr.infd.edu.ar\/sitio\/wp-json\/wp\/v2\/posts\/2111\/revisions"}],"predecessor-version":[{"id":2119,"href":"https:\/\/isef-crr.infd.edu.ar\/sitio\/wp-json\/wp\/v2\/posts\/2111\/revisions\/2119"}],"wp:attachment":[{"href":"https:\/\/isef-crr.infd.edu.ar\/sitio\/wp-json\/wp\/v2\/media?parent=2111"}],"wp:term":[{"taxonomy":"category","embeddable":true,"href":"https:\/\/isef-crr.infd.edu.ar\/sitio\/wp-json\/wp\/v2\/categories?post=2111"},{"taxonomy":"post_tag","embeddable":true,"href":"https:\/\/isef-crr.infd.edu.ar\/sitio\/wp-json\/wp\/v2\/tags?post=2111"}],"curies":[{"name":"wp","href":"https:\/\/api.w.org\/{rel}","templated":true}]}}