{"id":2121,"date":"2022-03-26T22:19:02","date_gmt":"2022-03-27T01:19:02","guid":{"rendered":"https:\/\/isef-crr.infd.edu.ar\/sitio\/?p=2121"},"modified":"2022-03-26T22:19:04","modified_gmt":"2022-03-27T01:19:04","slug":"llamado-extraordinario","status":"publish","type":"post","link":"https:\/\/isef-crr.infd.edu.ar\/sitio\/llamado-extraordinario\/","title":{"rendered":"Llamado extraordinario."},"content":{"rendered":"\n<p>COMUNICADO<br>El Rectorado del INSTITUTO SUPERIOR DE EDUCACI\u00d3N F\u00cdSICA &#8211; PROF. ANTONIO ALVAREZ<br>llama a INSCRIPCI\u00d3N EXTRAORDINARIA a partir del d\u00eda lunes, 28 de marzo de 2022 hasta el d\u00eda<br>viernes, 01 de abril de 2022 inclusive, para cubrir horas c\u00e1tedras en las siguientes carreras:<br>PROFESORADO DE EDUCACION FISICA &#8211; IT\u00c1 IBAT\u00c9 (RM:2614\/15) &#8211; EXTENSION ITA IBATE<br>3\u00b0 A\u00f1o (divisi\u00f3n: U ) DIDACTICA ESPECIFICA II (NIVEL SECUNDARIO) 4 Hs. C\u00e1tedras INTERINAS<br>4\u00b0 A\u00f1o (divisi\u00f3n: U ) RESIDENCIA DOCENTE 12 Hs. C\u00e1tedrasINTERINAS<br>La documentaci\u00f3n se recepcionar\u00e1 en Secretar\u00eda de la instituci\u00f3n en el horario de 8 a 11:00 Hs.-<br>Sin otro particular saludo a usted muy atentamente.<\/p>\n","protected":false},"excerpt":{"rendered":"<p>COMUNICADOEl Rectorado del INSTITUTO SUPERIOR DE EDUCACI\u00d3N F\u00cdSICA &#8211; PROF. ANTONIO ALVAREZllama a INSCRIPCI\u00d3N EXTRAORDINARIA a partir del d\u00eda lunes, 28 de marzo de 2022 hasta el d\u00edaviernes, 01 de abril de 2022 inclusive, para cubrir horas c\u00e1tedras en las siguientes carreras:PROFESORADO DE EDUCACION FISICA &#8211; IT\u00c1 IBAT\u00c9 (RM:2614\/15) &#8211; EXTENSION ITA IBATE3\u00b0 A\u00f1o (divisi\u00f3n: &#8230; <a title=\"Llamado extraordinario.\" class=\"read-more\" href=\"https:\/\/isef-crr.infd.edu.ar\/sitio\/llamado-extraordinario\/\" aria-label=\"More on Llamado extraordinario.\">[+]<\/a><\/p>\n","protected":false},"author":594,"featured_media":0,"comment_status":"open","ping_status":"open","sticky":false,"template":"","format":"standard","meta":[],"categories":[1],"tags":[],"acf":[],"_links":{"self":[{"href":"https:\/\/isef-crr.infd.edu.ar\/sitio\/wp-json\/wp\/v2\/posts\/2121"}],"collection":[{"href":"https:\/\/isef-crr.infd.edu.ar\/sitio\/wp-json\/wp\/v2\/posts"}],"about":[{"href":"https:\/\/isef-crr.infd.edu.ar\/sitio\/wp-json\/wp\/v2\/types\/post"}],"author":[{"embeddable":true,"href":"https:\/\/isef-crr.infd.edu.ar\/sitio\/wp-json\/wp\/v2\/users\/594"}],"replies":[{"embeddable":true,"href":"https:\/\/isef-crr.infd.edu.ar\/sitio\/wp-json\/wp\/v2\/comments?post=2121"}],"version-history":[{"count":1,"href":"https:\/\/isef-crr.infd.edu.ar\/sitio\/wp-json\/wp\/v2\/posts\/2121\/revisions"}],"predecessor-version":[{"id":2122,"href":"https:\/\/isef-crr.infd.edu.ar\/sitio\/wp-json\/wp\/v2\/posts\/2121\/revisions\/2122"}],"wp:attachment":[{"href":"https:\/\/isef-crr.infd.edu.ar\/sitio\/wp-json\/wp\/v2\/media?parent=2121"}],"wp:term":[{"taxonomy":"category","embeddable":true,"href":"https:\/\/isef-crr.infd.edu.ar\/sitio\/wp-json\/wp\/v2\/categories?post=2121"},{"taxonomy":"post_tag","embeddable":true,"href":"https:\/\/isef-crr.infd.edu.ar\/sitio\/wp-json\/wp\/v2\/tags?post=2121"}],"curies":[{"name":"wp","href":"https:\/\/api.w.org\/{rel}","templated":true}]}}