{"id":2154,"date":"2022-04-01T19:09:45","date_gmt":"2022-04-01T22:09:45","guid":{"rendered":"https:\/\/isef-crr.infd.edu.ar\/sitio\/?p=2154"},"modified":"2022-04-04T09:29:00","modified_gmt":"2022-04-04T12:29:00","slug":"acto-y-cartelera-por-el-2-de-abril-dia-del-veterano-de-malvinas-en-la-subsede-ituzaingo","status":"publish","type":"post","link":"https:\/\/isef-crr.infd.edu.ar\/sitio\/acto-y-cartelera-por-el-2-de-abril-dia-del-veterano-de-malvinas-en-la-subsede-ituzaingo\/","title":{"rendered":"ACTO Y CARTELERA POR EL 2 DE ABRIL, D\u00cdA DEL VETERANO DE MALVINAS EN LA SUBSEDE ITUZAINGO"},"content":{"rendered":"\n<p>En el d\u00eda de la fecha, los alumnos de 3er a\u00f1o de la carrera de Profesorado de Educaci\u00f3n F\u00edsica de la sub sede Ituzaing\u00f3 han realizado la cartelera alusiva para recordar a los h\u00e9roes y ca\u00eddos en Malvinas. Asimismo se ha realizado una charla para conmemorar dicho hecho hist\u00f3rico en el cual han participado activamente tres ex combatientes de Malvinas oriundos del departamento antes mencionado. El acto se realiz\u00f3 en instalaciones de la EPJA que funciona en el mismo edificio donde tienen sus clases te\u00f3ricas los alumnos del ISEF.  Agradecemos las palabras y emotivas an\u00e9cdotas de los ex combatientes sres Franco Ram\u00f3n, Cerd\u00e1n Carlos, Barrios Teodoro quienes han emocionado a los alumnos hasta las l\u00e1grimas. GRacias h\u00e9roes! Las Malvinas son argentinas!!! <\/p>\n\n\n\n<p><\/p>\n\n\n\n<p>Agradecimiento especial al Prof. Coordinador de la Sub Sede Carlos Zaracho por las im\u00e1genes.<\/p>\n\n\n\n<figure class=\"wp-block-image size-large\"><img decoding=\"async\" loading=\"lazy\" width=\"1280\" height=\"720\" src=\"https:\/\/isef-crr.infd.edu.ar\/sitio\/wp-content\/uploads\/2022\/04\/WhatsApp-Image-2022-04-01-at-11.50.54-PM.jpeg\" alt=\"\" class=\"wp-image-2155\" srcset=\"https:\/\/isef-crr.infd.edu.ar\/sitio\/wp-content\/uploads\/2022\/04\/WhatsApp-Image-2022-04-01-at-11.50.54-PM.jpeg 1280w, https:\/\/isef-crr.infd.edu.ar\/sitio\/wp-content\/uploads\/2022\/04\/WhatsApp-Image-2022-04-01-at-11.50.54-PM-1000x563.jpeg 1000w, https:\/\/isef-crr.infd.edu.ar\/sitio\/wp-content\/uploads\/2022\/04\/WhatsApp-Image-2022-04-01-at-11.50.54-PM-768x432.jpeg 768w\" sizes=\"(max-width: 1280px) 100vw, 1280px\" \/><\/figure>\n\n\n\n<figure class=\"wp-block-image size-large\"><img decoding=\"async\" loading=\"lazy\" width=\"1032\" height=\"774\" src=\"https:\/\/isef-crr.infd.edu.ar\/sitio\/wp-content\/uploads\/2022\/04\/WhatsApp-Image-2022-04-01-at-11.59.25-PM.jpeg\" alt=\"\" class=\"wp-image-2158\" srcset=\"https:\/\/isef-crr.infd.edu.ar\/sitio\/wp-content\/uploads\/2022\/04\/WhatsApp-Image-2022-04-01-at-11.59.25-PM.jpeg 1032w, https:\/\/isef-crr.infd.edu.ar\/sitio\/wp-content\/uploads\/2022\/04\/WhatsApp-Image-2022-04-01-at-11.59.25-PM-1000x750.jpeg 1000w, https:\/\/isef-crr.infd.edu.ar\/sitio\/wp-content\/uploads\/2022\/04\/WhatsApp-Image-2022-04-01-at-11.59.25-PM-768x576.jpeg 768w\" sizes=\"(max-width: 1032px) 100vw, 1032px\" \/><\/figure>\n\n\n\n<figure class=\"wp-block-image size-large\"><img decoding=\"async\" loading=\"lazy\" width=\"702\" height=\"1600\" src=\"https:\/\/isef-crr.infd.edu.ar\/sitio\/wp-content\/uploads\/2022\/04\/WhatsApp-Image-2022-04-02-at-1.51.10-PM.jpeg\" alt=\"\" class=\"wp-image-2164\" srcset=\"https:\/\/isef-crr.infd.edu.ar\/sitio\/wp-content\/uploads\/2022\/04\/WhatsApp-Image-2022-04-02-at-1.51.10-PM.jpeg 702w, https:\/\/isef-crr.infd.edu.ar\/sitio\/wp-content\/uploads\/2022\/04\/WhatsApp-Image-2022-04-02-at-1.51.10-PM-439x1000.jpeg 439w, https:\/\/isef-crr.infd.edu.ar\/sitio\/wp-content\/uploads\/2022\/04\/WhatsApp-Image-2022-04-02-at-1.51.10-PM-674x1536.jpeg 674w\" sizes=\"(max-width: 702px) 100vw, 702px\" \/><\/figure>\n\n\n\n<figure class=\"wp-block-image size-large\"><img decoding=\"async\" loading=\"lazy\" width=\"702\" height=\"1600\" src=\"https:\/\/isef-crr.infd.edu.ar\/sitio\/wp-content\/uploads\/2022\/04\/WhatsApp-Image-2022-04-02-at-1.51.09-PM-1.jpeg\" alt=\"\" class=\"wp-image-2165\" srcset=\"https:\/\/isef-crr.infd.edu.ar\/sitio\/wp-content\/uploads\/2022\/04\/WhatsApp-Image-2022-04-02-at-1.51.09-PM-1.jpeg 702w, https:\/\/isef-crr.infd.edu.ar\/sitio\/wp-content\/uploads\/2022\/04\/WhatsApp-Image-2022-04-02-at-1.51.09-PM-1-439x1000.jpeg 439w, https:\/\/isef-crr.infd.edu.ar\/sitio\/wp-content\/uploads\/2022\/04\/WhatsApp-Image-2022-04-02-at-1.51.09-PM-1-674x1536.jpeg 674w\" sizes=\"(max-width: 702px) 100vw, 702px\" \/><\/figure>\n\n\n\n<figure class=\"wp-block-image size-large\"><img decoding=\"async\" loading=\"lazy\" width=\"1600\" height=\"702\" src=\"https:\/\/isef-crr.infd.edu.ar\/sitio\/wp-content\/uploads\/2022\/04\/WhatsApp-Image-2022-04-02-at-1.51.08-PM-1.jpeg\" alt=\"\" class=\"wp-image-2167\" srcset=\"https:\/\/isef-crr.infd.edu.ar\/sitio\/wp-content\/uploads\/2022\/04\/WhatsApp-Image-2022-04-02-at-1.51.08-PM-1.jpeg 1600w, https:\/\/isef-crr.infd.edu.ar\/sitio\/wp-content\/uploads\/2022\/04\/WhatsApp-Image-2022-04-02-at-1.51.08-PM-1-1000x439.jpeg 1000w, https:\/\/isef-crr.infd.edu.ar\/sitio\/wp-content\/uploads\/2022\/04\/WhatsApp-Image-2022-04-02-at-1.51.08-PM-1-768x337.jpeg 768w, https:\/\/isef-crr.infd.edu.ar\/sitio\/wp-content\/uploads\/2022\/04\/WhatsApp-Image-2022-04-02-at-1.51.08-PM-1-1536x674.jpeg 1536w\" sizes=\"(max-width: 1600px) 100vw, 1600px\" \/><\/figure>\n\n\n\n<figure class=\"wp-block-image size-large\"><img decoding=\"async\" loading=\"lazy\" width=\"1600\" height=\"702\" src=\"https:\/\/isef-crr.infd.edu.ar\/sitio\/wp-content\/uploads\/2022\/04\/WhatsApp-Image-2022-04-02-at-1.51.08-PM.jpeg\" alt=\"\" class=\"wp-image-2168\" srcset=\"https:\/\/isef-crr.infd.edu.ar\/sitio\/wp-content\/uploads\/2022\/04\/WhatsApp-Image-2022-04-02-at-1.51.08-PM.jpeg 1600w, https:\/\/isef-crr.infd.edu.ar\/sitio\/wp-content\/uploads\/2022\/04\/WhatsApp-Image-2022-04-02-at-1.51.08-PM-1000x439.jpeg 1000w, https:\/\/isef-crr.infd.edu.ar\/sitio\/wp-content\/uploads\/2022\/04\/WhatsApp-Image-2022-04-02-at-1.51.08-PM-768x337.jpeg 768w, https:\/\/isef-crr.infd.edu.ar\/sitio\/wp-content\/uploads\/2022\/04\/WhatsApp-Image-2022-04-02-at-1.51.08-PM-1536x674.jpeg 1536w\" sizes=\"(max-width: 1600px) 100vw, 1600px\" \/><\/figure>\n","protected":false},"excerpt":{"rendered":"<p>En el d\u00eda de la fecha, los alumnos de 3er a\u00f1o de la carrera de Profesorado de Educaci\u00f3n F\u00edsica de la sub sede Ituzaing\u00f3 han realizado la cartelera alusiva para recordar a los h\u00e9roes y ca\u00eddos en Malvinas. Asimismo se ha realizado una charla para conmemorar dicho hecho hist\u00f3rico en el cual han participado activamente &#8230; <a title=\"ACTO Y CARTELERA POR EL 2 DE ABRIL, D\u00cdA DEL VETERANO DE MALVINAS EN LA SUBSEDE ITUZAINGO\" class=\"read-more\" href=\"https:\/\/isef-crr.infd.edu.ar\/sitio\/acto-y-cartelera-por-el-2-de-abril-dia-del-veterano-de-malvinas-en-la-subsede-ituzaingo\/\" aria-label=\"More on ACTO Y CARTELERA POR EL 2 DE ABRIL, D\u00cdA DEL VETERANO DE MALVINAS EN LA SUBSEDE ITUZAINGO\">[+]<\/a><\/p>\n","protected":false},"author":2791,"featured_media":0,"comment_status":"open","ping_status":"open","sticky":false,"template":"","format":"standard","meta":[],"categories":[1],"tags":[],"acf":[],"_links":{"self":[{"href":"https:\/\/isef-crr.infd.edu.ar\/sitio\/wp-json\/wp\/v2\/posts\/2154"}],"collection":[{"href":"https:\/\/isef-crr.infd.edu.ar\/sitio\/wp-json\/wp\/v2\/posts"}],"about":[{"href":"https:\/\/isef-crr.infd.edu.ar\/sitio\/wp-json\/wp\/v2\/types\/post"}],"author":[{"embeddable":true,"href":"https:\/\/isef-crr.infd.edu.ar\/sitio\/wp-json\/wp\/v2\/users\/2791"}],"replies":[{"embeddable":true,"href":"https:\/\/isef-crr.infd.edu.ar\/sitio\/wp-json\/wp\/v2\/comments?post=2154"}],"version-history":[{"count":4,"href":"https:\/\/isef-crr.infd.edu.ar\/sitio\/wp-json\/wp\/v2\/posts\/2154\/revisions"}],"predecessor-version":[{"id":2171,"href":"https:\/\/isef-crr.infd.edu.ar\/sitio\/wp-json\/wp\/v2\/posts\/2154\/revisions\/2171"}],"wp:attachment":[{"href":"https:\/\/isef-crr.infd.edu.ar\/sitio\/wp-json\/wp\/v2\/media?parent=2154"}],"wp:term":[{"taxonomy":"category","embeddable":true,"href":"https:\/\/isef-crr.infd.edu.ar\/sitio\/wp-json\/wp\/v2\/categories?post=2154"},{"taxonomy":"post_tag","embeddable":true,"href":"https:\/\/isef-crr.infd.edu.ar\/sitio\/wp-json\/wp\/v2\/tags?post=2154"}],"curies":[{"name":"wp","href":"https:\/\/api.w.org\/{rel}","templated":true}]}}