{"id":2204,"date":"2022-04-30T20:20:00","date_gmt":"2022-04-30T23:20:00","guid":{"rendered":"https:\/\/isef-crr.infd.edu.ar\/sitio\/?p=2204"},"modified":"2022-04-29T20:37:16","modified_gmt":"2022-04-29T23:37:16","slug":"inscripcion-ordinaria-para-nivel-terciario","status":"publish","type":"post","link":"https:\/\/isef-crr.infd.edu.ar\/sitio\/inscripcion-ordinaria-para-nivel-terciario\/","title":{"rendered":"Inscripci\u00f3n ordinaria para nivel terciario"},"content":{"rendered":"\n<p><\/p>\n\n\n\n<p>El Rectorado del ISEF comunica que la inscripci\u00f3n ordinaria a interinatos y suplencias en el Nivel Superior se realizar\u00e1 desde el 1\u00b0 de mayo al 29 mayo a trav\u00e9s del sistema SIMA, luego deber\u00e1n acceder a la secci\u00f3n turno en el mismo sistema SIMA para solicitar turno para la entrega de la documentaci\u00f3n, los tutores estar\u00e1 disponible a partir del 2 hasta el 29 de mayo.<\/p>\n\n\n\n<p>**Se les aconseja no elegir martes 3 (debido al asueto municipal) y mi\u00e9rcoles 25 de mayo por el feriado nacional que recuerda a la Revoluci\u00f3n de Mayo. <\/p>\n\n\n<p class=\"wp-block-tag-cloud\"><a href=\"https:\/\/isef-crr.infd.edu.ar\/sitio\/tag\/25-de-mayo\/\" class=\"tag-cloud-link tag-link-89 tag-link-position-1\" style=\"font-size: 8pt;\" aria-label=\"25 de Mayo (1 elemento)\">25 de Mayo<\/a>\n<a href=\"https:\/\/isef-crr.infd.edu.ar\/sitio\/tag\/2020\/\" class=\"tag-cloud-link tag-link-13 tag-link-position-2\" style=\"font-size: 16.615384615385pt;\" aria-label=\"2020 (5 elementos)\">2020<\/a>\n<a href=\"https:\/\/isef-crr.infd.edu.ar\/sitio\/tag\/2021\/\" class=\"tag-cloud-link tag-link-61 tag-link-position-3\" style=\"font-size: 16.615384615385pt;\" aria-label=\"2021 (5 elementos)\">2021<\/a>\n<a href=\"https:\/\/isef-crr.infd.edu.ar\/sitio\/tag\/2021-interinatos\/\" class=\"tag-cloud-link tag-link-82 tag-link-position-4\" style=\"font-size: 8pt;\" aria-label=\"2021 Interinatos (1 elemento)\">2021 Interinatos<\/a>\n<a href=\"https:\/\/isef-crr.infd.edu.ar\/sitio\/tag\/2022\/\" class=\"tag-cloud-link tag-link-102 tag-link-position-5\" style=\"font-size: 8pt;\" aria-label=\"2022 (1 elemento)\">2022<\/a>\n<a href=\"https:\/\/isef-crr.infd.edu.ar\/sitio\/tag\/ajedrez\/\" class=\"tag-cloud-link tag-link-22 tag-link-position-6\" style=\"font-size: 15.179487179487pt;\" aria-label=\"ajedrez (4 elementos)\">ajedrez<\/a>\n<a href=\"https:\/\/isef-crr.infd.edu.ar\/sitio\/tag\/alumnos\/\" class=\"tag-cloud-link tag-link-26 tag-link-position-7\" style=\"font-size: 13.384615384615pt;\" aria-label=\"alumnos (3 elementos)\">alumnos<\/a>\n<a href=\"https:\/\/isef-crr.infd.edu.ar\/sitio\/tag\/bandera\/\" class=\"tag-cloud-link tag-link-43 tag-link-position-8\" style=\"font-size: 11.230769230769pt;\" aria-label=\"Bandera (2 elementos)\">Bandera<\/a>\n<a href=\"https:\/\/isef-crr.infd.edu.ar\/sitio\/tag\/becas\/\" class=\"tag-cloud-link tag-link-68 tag-link-position-9\" style=\"font-size: 11.230769230769pt;\" aria-label=\"Becas (2 elementos)\">Becas<\/a>\n<a href=\"https:\/\/isef-crr.infd.edu.ar\/sitio\/tag\/bedel\/\" class=\"tag-cloud-link tag-link-77 tag-link-position-10\" style=\"font-size: 8pt;\" aria-label=\"Bedel (1 elemento)\">Bedel<\/a>\n<a href=\"https:\/\/isef-crr.infd.edu.ar\/sitio\/tag\/bedelia\/\" class=\"tag-cloud-link tag-link-78 tag-link-position-11\" style=\"font-size: 8pt;\" aria-label=\"Bedel\u00eda (1 elemento)\">Bedel\u00eda<\/a>\n<a href=\"https:\/\/isef-crr.infd.edu.ar\/sitio\/tag\/belgrano\/\" class=\"tag-cloud-link tag-link-44 tag-link-position-12\" style=\"font-size: 8pt;\" aria-label=\"Belgrano (1 elemento)\">Belgrano<\/a>\n<a href=\"https:\/\/isef-crr.infd.edu.ar\/sitio\/tag\/certificados\/\" class=\"tag-cloud-link tag-link-84 tag-link-position-13\" style=\"font-size: 8pt;\" aria-label=\"Certificados (1 elemento)\">Certificados<\/a>\n<a href=\"https:\/\/isef-crr.infd.edu.ar\/sitio\/tag\/charrua\/\" class=\"tag-cloud-link tag-link-98 tag-link-position-14\" style=\"font-size: 8pt;\" aria-label=\"Charr\u00faa (1 elemento)\">Charr\u00faa<\/a>\n<a href=\"https:\/\/isef-crr.infd.edu.ar\/sitio\/tag\/comunicado\/\" class=\"tag-cloud-link tag-link-16 tag-link-position-15\" style=\"font-size: 13.384615384615pt;\" aria-label=\"Comunicado (3 elementos)\">Comunicado<\/a>\n<a href=\"https:\/\/isef-crr.infd.edu.ar\/sitio\/tag\/concurso\/\" class=\"tag-cloud-link tag-link-42 tag-link-position-16\" style=\"font-size: 11.230769230769pt;\" aria-label=\"concurso (2 elementos)\">concurso<\/a>\n<a href=\"https:\/\/isef-crr.infd.edu.ar\/sitio\/tag\/corrientes-educa-virtual\/\" class=\"tag-cloud-link tag-link-83 tag-link-position-17\" style=\"font-size: 8pt;\" aria-label=\"corrientes educa virtual (1 elemento)\">corrientes educa virtual<\/a>\n<a href=\"https:\/\/isef-crr.infd.edu.ar\/sitio\/tag\/dia-de-la-bandera\/\" class=\"tag-cloud-link tag-link-92 tag-link-position-18\" style=\"font-size: 8pt;\" aria-label=\"Dia de la bandera (1 elemento)\">Dia de la bandera<\/a>\n<a href=\"https:\/\/isef-crr.infd.edu.ar\/sitio\/tag\/diversidad-sexual\/\" class=\"tag-cloud-link tag-link-40 tag-link-position-19\" style=\"font-size: 8pt;\" aria-label=\"diversidad sexual (1 elemento)\">diversidad sexual<\/a>\n<a href=\"https:\/\/isef-crr.infd.edu.ar\/sitio\/tag\/dia-de-la-patria\/\" class=\"tag-cloud-link tag-link-91 tag-link-position-20\" style=\"font-size: 8pt;\" aria-label=\"D\u00eda de la patria (1 elemento)\">D\u00eda de la patria<\/a>\n<a href=\"https:\/\/isef-crr.infd.edu.ar\/sitio\/tag\/examenes\/\" class=\"tag-cloud-link tag-link-62 tag-link-position-21\" style=\"font-size: 15.179487179487pt;\" aria-label=\"examenes (4 elementos)\">examenes<\/a>\n<a href=\"https:\/\/isef-crr.infd.edu.ar\/sitio\/tag\/extraordinaria\/\" class=\"tag-cloud-link tag-link-86 tag-link-position-22\" style=\"font-size: 15.179487179487pt;\" aria-label=\"extraordinaria (4 elementos)\">extraordinaria<\/a>\n<a href=\"https:\/\/isef-crr.infd.edu.ar\/sitio\/tag\/finales\/\" class=\"tag-cloud-link tag-link-67 tag-link-position-23\" style=\"font-size: 8pt;\" aria-label=\"Finales (1 elemento)\">Finales<\/a>\n<a href=\"https:\/\/isef-crr.infd.edu.ar\/sitio\/tag\/guacaras\/\" class=\"tag-cloud-link tag-link-99 tag-link-position-24\" style=\"font-size: 8pt;\" aria-label=\"Gu\u00e1caras (1 elemento)\">Gu\u00e1caras<\/a>\n<a href=\"https:\/\/isef-crr.infd.edu.ar\/sitio\/tag\/ingresantes\/\" class=\"tag-cloud-link tag-link-35 tag-link-position-25\" style=\"font-size: 17.871794871795pt;\" aria-label=\"ingresantes (6 elementos)\">ingresantes<\/a>\n<a href=\"https:\/\/isef-crr.infd.edu.ar\/sitio\/tag\/ingreso-2021\/\" class=\"tag-cloud-link tag-link-58 tag-link-position-26\" style=\"font-size: 11.230769230769pt;\" aria-label=\"ingreso 2021 (2 elementos)\">ingreso 2021<\/a>\n<a href=\"https:\/\/isef-crr.infd.edu.ar\/sitio\/tag\/inscripciones\/\" class=\"tag-cloud-link tag-link-50 tag-link-position-27\" style=\"font-size: 22pt;\" aria-label=\"inscripciones (11 elementos)\">inscripciones<\/a>\n<a href=\"https:\/\/isef-crr.infd.edu.ar\/sitio\/tag\/interinatos-y-suplencias\/\" class=\"tag-cloud-link tag-link-51 tag-link-position-28\" style=\"font-size: 11.230769230769pt;\" aria-label=\"interinatos y suplencias (2 elementos)\">interinatos y suplencias<\/a>\n<a href=\"https:\/\/isef-crr.infd.edu.ar\/sitio\/tag\/ituzaingo\/\" class=\"tag-cloud-link tag-link-87 tag-link-position-29\" style=\"font-size: 8pt;\" aria-label=\"ituzaingo (1 elemento)\">ituzaingo<\/a>\n<a href=\"https:\/\/isef-crr.infd.edu.ar\/sitio\/tag\/julio-agosto\/\" class=\"tag-cloud-link tag-link-96 tag-link-position-30\" style=\"font-size: 8pt;\" aria-label=\"julio-agosto (1 elemento)\">julio-agosto<\/a>\n<a href=\"https:\/\/isef-crr.infd.edu.ar\/sitio\/tag\/llamado\/\" class=\"tag-cloud-link tag-link-88 tag-link-position-31\" style=\"font-size: 11.230769230769pt;\" aria-label=\"llamado (2 elementos)\">llamado<\/a>\n<a href=\"https:\/\/isef-crr.infd.edu.ar\/sitio\/tag\/llamado-extraordinario\/\" class=\"tag-cloud-link tag-link-95 tag-link-position-32\" style=\"font-size: 8pt;\" aria-label=\"Llamado extraordinario (1 elemento)\">Llamado extraordinario<\/a>\n<a href=\"https:\/\/isef-crr.infd.edu.ar\/sitio\/tag\/matriculacion\/\" class=\"tag-cloud-link tag-link-73 tag-link-position-33\" style=\"font-size: 11.230769230769pt;\" aria-label=\"matriculaci\u00f3n (2 elementos)\">matriculaci\u00f3n<\/a>\n<a href=\"https:\/\/isef-crr.infd.edu.ar\/sitio\/tag\/padron\/\" class=\"tag-cloud-link tag-link-85 tag-link-position-34\" style=\"font-size: 8pt;\" aria-label=\"Padron (1 elemento)\">Padron<\/a>\n<a href=\"https:\/\/isef-crr.infd.edu.ar\/sitio\/tag\/padrones\/\" class=\"tag-cloud-link tag-link-81 tag-link-position-35\" style=\"font-size: 8pt;\" aria-label=\"Padrones (1 elemento)\">Padrones<\/a>\n<a href=\"https:\/\/isef-crr.infd.edu.ar\/sitio\/tag\/pre-inscripciones\/\" class=\"tag-cloud-link tag-link-103 tag-link-position-36\" style=\"font-size: 8pt;\" aria-label=\"pre inscripciones (1 elemento)\">pre inscripciones<\/a>\n<a href=\"https:\/\/isef-crr.infd.edu.ar\/sitio\/tag\/presencialidad\/\" class=\"tag-cloud-link tag-link-75 tag-link-position-37\" style=\"font-size: 8pt;\" aria-label=\"presencialidad (1 elemento)\">presencialidad<\/a>\n<a href=\"https:\/\/isef-crr.infd.edu.ar\/sitio\/tag\/progresar\/\" class=\"tag-cloud-link tag-link-69 tag-link-position-38\" style=\"font-size: 11.230769230769pt;\" aria-label=\"Progresar (2 elementos)\">Progresar<\/a>\n<a href=\"https:\/\/isef-crr.infd.edu.ar\/sitio\/tag\/progresar-becas\/\" class=\"tag-cloud-link tag-link-71 tag-link-position-39\" style=\"font-size: 8pt;\" aria-label=\"PROGRESAR. BECAS (1 elemento)\">PROGRESAR. BECAS<\/a>\n<a href=\"https:\/\/isef-crr.infd.edu.ar\/sitio\/tag\/protocolo\/\" class=\"tag-cloud-link tag-link-74 tag-link-position-40\" style=\"font-size: 8pt;\" aria-label=\"protocolo (1 elemento)\">protocolo<\/a>\n<a href=\"https:\/\/isef-crr.infd.edu.ar\/sitio\/tag\/realizacion\/\" class=\"tag-cloud-link tag-link-94 tag-link-position-41\" style=\"font-size: 8pt;\" aria-label=\"realizaci\u00f3n (1 elemento)\">realizaci\u00f3n<\/a>\n<a href=\"https:\/\/isef-crr.infd.edu.ar\/sitio\/tag\/rectorado\/\" class=\"tag-cloud-link tag-link-12 tag-link-position-42\" style=\"font-size: 11.230769230769pt;\" aria-label=\"Rectorado (2 elementos)\">Rectorado<\/a>\n<a href=\"https:\/\/isef-crr.infd.edu.ar\/sitio\/tag\/revolucion-de-mayo\/\" class=\"tag-cloud-link tag-link-90 tag-link-position-43\" style=\"font-size: 8pt;\" aria-label=\"Revoluci\u00f3n de Mayo (1 elemento)\">Revoluci\u00f3n de Mayo<\/a>\n<a href=\"https:\/\/isef-crr.infd.edu.ar\/sitio\/tag\/tribus\/\" class=\"tag-cloud-link tag-link-97 tag-link-position-44\" style=\"font-size: 8pt;\" aria-label=\"Tribus (1 elemento)\">Tribus<\/a>\n<a href=\"https:\/\/isef-crr.infd.edu.ar\/sitio\/tag\/videos\/\" class=\"tag-cloud-link tag-link-93 tag-link-position-45\" style=\"font-size: 8pt;\" aria-label=\"videos (1 elemento)\">videos<\/a><\/p>\n\n\n<figure class=\"wp-block-gallery columns-1 is-cropped wp-block-gallery-1 is-layout-flex\"><ul class=\"blocks-gallery-grid\"><li class=\"blocks-gallery-item\"><figure><img decoding=\"async\" loading=\"lazy\" width=\"760\" height=\"566\" src=\"https:\/\/isef-crr.infd.edu.ar\/sitio\/wp-content\/uploads\/2022\/04\/Screenshot_20220429-195328-1.png\" alt=\"\" data-id=\"2205\" data-full-url=\"https:\/\/isef-crr.infd.edu.ar\/sitio\/wp-content\/uploads\/2022\/04\/Screenshot_20220429-195328-1.png\" data-link=\"https:\/\/isef-crr.infd.edu.ar\/sitio\/?attachment_id=2205#main\" class=\"wp-image-2205\"\/><\/figure><\/li><\/ul><\/figure>\n\n\n\n<p><\/p>\n","protected":false},"excerpt":{"rendered":"<p>El Rectorado del ISEF comunica que la inscripci\u00f3n ordinaria a interinatos y suplencias en el Nivel Superior se realizar\u00e1 desde el 1\u00b0 de mayo al 29 mayo a trav\u00e9s del sistema SIMA, luego deber\u00e1n acceder a la secci\u00f3n turno en el mismo sistema SIMA para solicitar turno para la entrega de la documentaci\u00f3n, los tutores &#8230; <a title=\"Inscripci\u00f3n ordinaria para nivel terciario\" class=\"read-more\" href=\"https:\/\/isef-crr.infd.edu.ar\/sitio\/inscripcion-ordinaria-para-nivel-terciario\/\" aria-label=\"More on Inscripci\u00f3n ordinaria para nivel terciario\">[+]<\/a><\/p>\n","protected":false},"author":2791,"featured_media":0,"comment_status":"open","ping_status":"open","sticky":false,"template":"","format":"standard","meta":[],"categories":[1],"tags":[],"acf":[],"_links":{"self":[{"href":"https:\/\/isef-crr.infd.edu.ar\/sitio\/wp-json\/wp\/v2\/posts\/2204"}],"collection":[{"href":"https:\/\/isef-crr.infd.edu.ar\/sitio\/wp-json\/wp\/v2\/posts"}],"about":[{"href":"https:\/\/isef-crr.infd.edu.ar\/sitio\/wp-json\/wp\/v2\/types\/post"}],"author":[{"embeddable":true,"href":"https:\/\/isef-crr.infd.edu.ar\/sitio\/wp-json\/wp\/v2\/users\/2791"}],"replies":[{"embeddable":true,"href":"https:\/\/isef-crr.infd.edu.ar\/sitio\/wp-json\/wp\/v2\/comments?post=2204"}],"version-history":[{"count":2,"href":"https:\/\/isef-crr.infd.edu.ar\/sitio\/wp-json\/wp\/v2\/posts\/2204\/revisions"}],"predecessor-version":[{"id":2208,"href":"https:\/\/isef-crr.infd.edu.ar\/sitio\/wp-json\/wp\/v2\/posts\/2204\/revisions\/2208"}],"wp:attachment":[{"href":"https:\/\/isef-crr.infd.edu.ar\/sitio\/wp-json\/wp\/v2\/media?parent=2204"}],"wp:term":[{"taxonomy":"category","embeddable":true,"href":"https:\/\/isef-crr.infd.edu.ar\/sitio\/wp-json\/wp\/v2\/categories?post=2204"},{"taxonomy":"post_tag","embeddable":true,"href":"https:\/\/isef-crr.infd.edu.ar\/sitio\/wp-json\/wp\/v2\/tags?post=2204"}],"curies":[{"name":"wp","href":"https:\/\/api.w.org\/{rel}","templated":true}]}}