{"id":2209,"date":"2022-04-30T19:24:10","date_gmt":"2022-04-30T22:24:10","guid":{"rendered":"https:\/\/isef-crr.infd.edu.ar\/sitio\/?p=2209"},"modified":"2022-04-30T19:24:12","modified_gmt":"2022-04-30T22:24:12","slug":"inscripcion-ordinaria-para-nivel-terciario-2","status":"publish","type":"post","link":"https:\/\/isef-crr.infd.edu.ar\/sitio\/inscripcion-ordinaria-para-nivel-terciario-2\/","title":{"rendered":"Inscripci\u00f3n ordinaria para nivel terciario"},"content":{"rendered":"\n<p>El Rectorado del ISEF comunica que la inscripci\u00f3n ordinaria a interinatos y suplencias en el Nivel Superior se realizar\u00e1 desde el 1\u00b0 de mayo al 29 mayo a trav\u00e9s del sistema SIMA, luego deber\u00e1n acceder a la secci\u00f3n turno en el mismo sistema SIMA para solicitar turno para la entrega de la documentaci\u00f3n, los turnos estar\u00e1n disponibles a partir del 2 hasta el 29 de mayo.<\/p>\n\n\n\n<p>Se les recuerda no elegir martes 3 (debido al asueto por conmemorarse el d\u00eda de la Cruz de los Milagros ) y mi\u00e9rcoles 25 de mayo por el feriado nacional que recuerda a la Revoluci\u00f3n de Mayo. <\/p>\n\n\n\n<figure class=\"wp-block-image size-large\"><img decoding=\"async\" loading=\"lazy\" width=\"760\" height=\"566\" src=\"https:\/\/isef-crr.infd.edu.ar\/sitio\/wp-content\/uploads\/2022\/04\/Screenshot_20220429-195328-2.png\" alt=\"\" class=\"wp-image-2210\"\/><\/figure>\n","protected":false},"excerpt":{"rendered":"<p>El Rectorado del ISEF comunica que la inscripci\u00f3n ordinaria a interinatos y suplencias en el Nivel Superior se realizar\u00e1 desde el 1\u00b0 de mayo al 29 mayo a trav\u00e9s del sistema SIMA, luego deber\u00e1n acceder a la secci\u00f3n turno en el mismo sistema SIMA para solicitar turno para la entrega de la documentaci\u00f3n, los turnos &#8230; <a title=\"Inscripci\u00f3n ordinaria para nivel terciario\" class=\"read-more\" href=\"https:\/\/isef-crr.infd.edu.ar\/sitio\/inscripcion-ordinaria-para-nivel-terciario-2\/\" aria-label=\"More on Inscripci\u00f3n ordinaria para nivel terciario\">[+]<\/a><\/p>\n","protected":false},"author":2791,"featured_media":0,"comment_status":"open","ping_status":"open","sticky":false,"template":"","format":"standard","meta":[],"categories":[1],"tags":[],"acf":[],"_links":{"self":[{"href":"https:\/\/isef-crr.infd.edu.ar\/sitio\/wp-json\/wp\/v2\/posts\/2209"}],"collection":[{"href":"https:\/\/isef-crr.infd.edu.ar\/sitio\/wp-json\/wp\/v2\/posts"}],"about":[{"href":"https:\/\/isef-crr.infd.edu.ar\/sitio\/wp-json\/wp\/v2\/types\/post"}],"author":[{"embeddable":true,"href":"https:\/\/isef-crr.infd.edu.ar\/sitio\/wp-json\/wp\/v2\/users\/2791"}],"replies":[{"embeddable":true,"href":"https:\/\/isef-crr.infd.edu.ar\/sitio\/wp-json\/wp\/v2\/comments?post=2209"}],"version-history":[{"count":1,"href":"https:\/\/isef-crr.infd.edu.ar\/sitio\/wp-json\/wp\/v2\/posts\/2209\/revisions"}],"predecessor-version":[{"id":2211,"href":"https:\/\/isef-crr.infd.edu.ar\/sitio\/wp-json\/wp\/v2\/posts\/2209\/revisions\/2211"}],"wp:attachment":[{"href":"https:\/\/isef-crr.infd.edu.ar\/sitio\/wp-json\/wp\/v2\/media?parent=2209"}],"wp:term":[{"taxonomy":"category","embeddable":true,"href":"https:\/\/isef-crr.infd.edu.ar\/sitio\/wp-json\/wp\/v2\/categories?post=2209"},{"taxonomy":"post_tag","embeddable":true,"href":"https:\/\/isef-crr.infd.edu.ar\/sitio\/wp-json\/wp\/v2\/tags?post=2209"}],"curies":[{"name":"wp","href":"https:\/\/api.w.org\/{rel}","templated":true}]}}