{"id":2268,"date":"2022-06-08T12:14:55","date_gmt":"2022-06-08T15:14:55","guid":{"rendered":"https:\/\/isef-crr.infd.edu.ar\/sitio\/?p=2268"},"modified":"2022-06-08T17:46:51","modified_gmt":"2022-06-08T20:46:51","slug":"semana-de-los-colores-isef","status":"publish","type":"post","link":"https:\/\/isef-crr.infd.edu.ar\/sitio\/semana-de-los-colores-isef\/","title":{"rendered":"Semana de los colores ISEF"},"content":{"rendered":"\n<p class=\"has-text-align-left\">Las tribus Guacara y Charr\u00faa del Instituto Superior de Educaci\u00f3n F\u00edsica, est\u00e1n a cargo de la semana de los colores del 6 al 10 de junio, con variadas acciones, que consisten, en ornamentar el Instituto con los colores rojo y verde que representan a las Tribus Charr\u00faa y Guacara, preparar un desayuno para todos los estudiantes, y juntar firmas (los estudiantes de primer a\u00f1o) de parte de los estudiantes y docentes ya bautizados, durante una semana. Con el fin de hacer conocer a los estudiantes de primer a\u00f1o esta Cultura Institucional que se transmite y se practica desde el inicio de la carrera del Profesorado de Educaci\u00f3n F\u00edsica.<\/p>\n\n\n\n<p class=\"has-text-align-left\">Para finalizar con el bautismo de los ingresantes en algunas de estas Tribus en otro evento importante que ser\u00e1 posteriormente programado.<\/p>\n\n\n\n<figure class=\"wp-block-image size-large\"><img decoding=\"async\" loading=\"lazy\" width=\"768\" height=\"1024\" src=\"https:\/\/isef-crr.infd.edu.ar\/sitio\/wp-content\/uploads\/2022\/06\/verde.hombre-mujer-.jpeg\" alt=\"\" class=\"wp-image-2270\" srcset=\"https:\/\/isef-crr.infd.edu.ar\/sitio\/wp-content\/uploads\/2022\/06\/verde.hombre-mujer-.jpeg 768w, https:\/\/isef-crr.infd.edu.ar\/sitio\/wp-content\/uploads\/2022\/06\/verde.hombre-mujer--750x1000.jpeg 750w\" sizes=\"(max-width: 768px) 100vw, 768px\" \/><\/figure>\n\n\n\n<figure class=\"wp-block-image size-large\"><img decoding=\"async\" loading=\"lazy\" width=\"768\" height=\"1024\" src=\"https:\/\/isef-crr.infd.edu.ar\/sitio\/wp-content\/uploads\/2022\/06\/tribu-rojo-indios-.jpeg\" alt=\"\" class=\"wp-image-2271\" srcset=\"https:\/\/isef-crr.infd.edu.ar\/sitio\/wp-content\/uploads\/2022\/06\/tribu-rojo-indios-.jpeg 768w, https:\/\/isef-crr.infd.edu.ar\/sitio\/wp-content\/uploads\/2022\/06\/tribu-rojo-indios--750x1000.jpeg 750w\" sizes=\"(max-width: 768px) 100vw, 768px\" \/><\/figure>\n\n\n\n<figure class=\"wp-block-image size-large\"><img decoding=\"async\" loading=\"lazy\" width=\"721\" height=\"1600\" src=\"https:\/\/isef-crr.infd.edu.ar\/sitio\/wp-content\/uploads\/2022\/06\/tribu-rojo-mujer-.jpeg\" alt=\"\" class=\"wp-image-2272\" srcset=\"https:\/\/isef-crr.infd.edu.ar\/sitio\/wp-content\/uploads\/2022\/06\/tribu-rojo-mujer-.jpeg 721w, https:\/\/isef-crr.infd.edu.ar\/sitio\/wp-content\/uploads\/2022\/06\/tribu-rojo-mujer--451x1000.jpeg 451w, https:\/\/isef-crr.infd.edu.ar\/sitio\/wp-content\/uploads\/2022\/06\/tribu-rojo-mujer--692x1536.jpeg 692w\" sizes=\"(max-width: 721px) 100vw, 721px\" \/><\/figure>\n\n\n\n<figure class=\"wp-block-image size-large\"><img decoding=\"async\" loading=\"lazy\" width=\"768\" height=\"1024\" src=\"https:\/\/isef-crr.infd.edu.ar\/sitio\/wp-content\/uploads\/2022\/06\/tribu-verde-rojo-3.jpeg\" alt=\"\" class=\"wp-image-2273\" srcset=\"https:\/\/isef-crr.infd.edu.ar\/sitio\/wp-content\/uploads\/2022\/06\/tribu-verde-rojo-3.jpeg 768w, https:\/\/isef-crr.infd.edu.ar\/sitio\/wp-content\/uploads\/2022\/06\/tribu-verde-rojo-3-750x1000.jpeg 750w\" sizes=\"(max-width: 768px) 100vw, 768px\" \/><\/figure>\n\n\n\n<figure class=\"wp-block-image size-large\"><img decoding=\"async\" loading=\"lazy\" width=\"721\" height=\"1600\" src=\"https:\/\/isef-crr.infd.edu.ar\/sitio\/wp-content\/uploads\/2022\/06\/galeria-verde-.jpeg\" alt=\"\" class=\"wp-image-2274\" srcset=\"https:\/\/isef-crr.infd.edu.ar\/sitio\/wp-content\/uploads\/2022\/06\/galeria-verde-.jpeg 721w, https:\/\/isef-crr.infd.edu.ar\/sitio\/wp-content\/uploads\/2022\/06\/galeria-verde--451x1000.jpeg 451w, https:\/\/isef-crr.infd.edu.ar\/sitio\/wp-content\/uploads\/2022\/06\/galeria-verde--692x1536.jpeg 692w\" sizes=\"(max-width: 721px) 100vw, 721px\" \/><\/figure>\n\n\n\n<figure class=\"wp-block-image size-large\"><img decoding=\"async\" loading=\"lazy\" width=\"768\" height=\"1024\" src=\"https:\/\/isef-crr.infd.edu.ar\/sitio\/wp-content\/uploads\/2022\/06\/trubi-galeria-rojo.jpeg\" alt=\"\" class=\"wp-image-2275\" srcset=\"https:\/\/isef-crr.infd.edu.ar\/sitio\/wp-content\/uploads\/2022\/06\/trubi-galeria-rojo.jpeg 768w, https:\/\/isef-crr.infd.edu.ar\/sitio\/wp-content\/uploads\/2022\/06\/trubi-galeria-rojo-750x1000.jpeg 750w\" sizes=\"(max-width: 768px) 100vw, 768px\" \/><\/figure>\n\n\n\n<figure class=\"wp-block-video\"><video controls src=\"https:\/\/isef-crr.infd.edu.ar\/sitio\/wp-content\/uploads\/2022\/06\/bienvenido-a-la-semana-de-los-colores.mp4\"><\/video><\/figure>\n\n\n\n<figure class=\"wp-block-video\"><\/figure>\n","protected":false},"excerpt":{"rendered":"<p>Las tribus Guacara y Charr\u00faa del Instituto Superior de Educaci\u00f3n F\u00edsica, est\u00e1n a cargo de la semana de los colores del 6 al 10 de junio, con variadas acciones, que consisten, en ornamentar el Instituto con los colores rojo y verde que representan a las Tribus Charr\u00faa y Guacara, preparar un desayuno para todos los &#8230; <a title=\"Semana de los colores ISEF\" class=\"read-more\" href=\"https:\/\/isef-crr.infd.edu.ar\/sitio\/semana-de-los-colores-isef\/\" aria-label=\"More on Semana de los colores ISEF\">[+]<\/a><\/p>\n","protected":false},"author":321,"featured_media":0,"comment_status":"open","ping_status":"open","sticky":false,"template":"","format":"standard","meta":[],"categories":[27,9],"tags":[],"acf":[],"_links":{"self":[{"href":"https:\/\/isef-crr.infd.edu.ar\/sitio\/wp-json\/wp\/v2\/posts\/2268"}],"collection":[{"href":"https:\/\/isef-crr.infd.edu.ar\/sitio\/wp-json\/wp\/v2\/posts"}],"about":[{"href":"https:\/\/isef-crr.infd.edu.ar\/sitio\/wp-json\/wp\/v2\/types\/post"}],"author":[{"embeddable":true,"href":"https:\/\/isef-crr.infd.edu.ar\/sitio\/wp-json\/wp\/v2\/users\/321"}],"replies":[{"embeddable":true,"href":"https:\/\/isef-crr.infd.edu.ar\/sitio\/wp-json\/wp\/v2\/comments?post=2268"}],"version-history":[{"count":3,"href":"https:\/\/isef-crr.infd.edu.ar\/sitio\/wp-json\/wp\/v2\/posts\/2268\/revisions"}],"predecessor-version":[{"id":2280,"href":"https:\/\/isef-crr.infd.edu.ar\/sitio\/wp-json\/wp\/v2\/posts\/2268\/revisions\/2280"}],"wp:attachment":[{"href":"https:\/\/isef-crr.infd.edu.ar\/sitio\/wp-json\/wp\/v2\/media?parent=2268"}],"wp:term":[{"taxonomy":"category","embeddable":true,"href":"https:\/\/isef-crr.infd.edu.ar\/sitio\/wp-json\/wp\/v2\/categories?post=2268"},{"taxonomy":"post_tag","embeddable":true,"href":"https:\/\/isef-crr.infd.edu.ar\/sitio\/wp-json\/wp\/v2\/tags?post=2268"}],"curies":[{"name":"wp","href":"https:\/\/api.w.org\/{rel}","templated":true}]}}