{"id":2281,"date":"2022-06-12T23:44:28","date_gmt":"2022-06-13T02:44:28","guid":{"rendered":"https:\/\/isef-crr.infd.edu.ar\/sitio\/?p=2281"},"modified":"2022-06-12T23:44:29","modified_gmt":"2022-06-13T02:44:29","slug":"qepd-querido-profesor-ortiz","status":"publish","type":"post","link":"https:\/\/isef-crr.infd.edu.ar\/sitio\/qepd-querido-profesor-ortiz\/","title":{"rendered":"QEPD querido profesor Ortiz"},"content":{"rendered":"\n<p>Desde la comunidad educativa del Instituto Superior de Educaci\u00f3n F\u00edsica de Corrientes \u00abAntonio Alejandro \u00c1lvarez\u00bb informamos que ayer s\u00e1bado 11 de junio ha fallecido EL PROFESOR JOSE DANIEL ORTIZ, formador de formadores de \u00e9sta casa de altos estudios.<br>LIGADO SIEMPRE AL DEPORTE Y A LA EDUCACI\u00d3N F\u00cdSICA.<br>YA JUBILADO DESDE HACE A\u00d1OS, JUNTO A SU ESPOSA CRISTINA, COMO CHAMAMECERO DE LEY, ADEMAS DE CANTAR Y TOCAR LA GUITARRA, SE DEDICO AL BAILE FOLKLORICO.<br>UN SER HUMANO Y PROFESIONAL QUE HA MARCADO A GENERACIONES DE DE ALUMNOS EN TODOS LOS \u00c1MBITOS EN LOS QUE SE DESEMPE\u00d1\u00d3.<br>ACOMPA\u00d1AMOS A SU ESPOSA, HIJOS Y DEM\u00c1S FAMILIARES EN ESTE MOMENTO DE DOLOR.<\/p>\n\n\n\n<figure class=\"wp-block-image size-large\"><img decoding=\"async\" loading=\"lazy\" width=\"422\" height=\"750\" src=\"https:\/\/isef-crr.infd.edu.ar\/sitio\/wp-content\/uploads\/2022\/06\/WhatsApp-Image-2022-06-12-at-7.51.20-PM.jpeg\" alt=\"\" class=\"wp-image-2282\"\/><\/figure>\n\n\n\n<p>HASTA SIEMPRE PROFE!!!<br>TE VAMOS A EXTRA\u00d1AR.<\/p>\n\n\n\n<p>QEPD<\/p>\n","protected":false},"excerpt":{"rendered":"<p>Desde la comunidad educativa del Instituto Superior de Educaci\u00f3n F\u00edsica de Corrientes \u00abAntonio Alejandro \u00c1lvarez\u00bb informamos que ayer s\u00e1bado 11 de junio ha fallecido EL PROFESOR JOSE DANIEL ORTIZ, formador de formadores de \u00e9sta casa de altos estudios.LIGADO SIEMPRE AL DEPORTE Y A LA EDUCACI\u00d3N F\u00cdSICA.YA JUBILADO DESDE HACE A\u00d1OS, JUNTO A SU ESPOSA CRISTINA, &#8230; <a title=\"QEPD querido profesor Ortiz\" class=\"read-more\" href=\"https:\/\/isef-crr.infd.edu.ar\/sitio\/qepd-querido-profesor-ortiz\/\" aria-label=\"More on QEPD querido profesor Ortiz\">[+]<\/a><\/p>\n","protected":false},"author":2791,"featured_media":0,"comment_status":"open","ping_status":"open","sticky":false,"template":"","format":"standard","meta":[],"categories":[1],"tags":[],"acf":[],"_links":{"self":[{"href":"https:\/\/isef-crr.infd.edu.ar\/sitio\/wp-json\/wp\/v2\/posts\/2281"}],"collection":[{"href":"https:\/\/isef-crr.infd.edu.ar\/sitio\/wp-json\/wp\/v2\/posts"}],"about":[{"href":"https:\/\/isef-crr.infd.edu.ar\/sitio\/wp-json\/wp\/v2\/types\/post"}],"author":[{"embeddable":true,"href":"https:\/\/isef-crr.infd.edu.ar\/sitio\/wp-json\/wp\/v2\/users\/2791"}],"replies":[{"embeddable":true,"href":"https:\/\/isef-crr.infd.edu.ar\/sitio\/wp-json\/wp\/v2\/comments?post=2281"}],"version-history":[{"count":1,"href":"https:\/\/isef-crr.infd.edu.ar\/sitio\/wp-json\/wp\/v2\/posts\/2281\/revisions"}],"predecessor-version":[{"id":2283,"href":"https:\/\/isef-crr.infd.edu.ar\/sitio\/wp-json\/wp\/v2\/posts\/2281\/revisions\/2283"}],"wp:attachment":[{"href":"https:\/\/isef-crr.infd.edu.ar\/sitio\/wp-json\/wp\/v2\/media?parent=2281"}],"wp:term":[{"taxonomy":"category","embeddable":true,"href":"https:\/\/isef-crr.infd.edu.ar\/sitio\/wp-json\/wp\/v2\/categories?post=2281"},{"taxonomy":"post_tag","embeddable":true,"href":"https:\/\/isef-crr.infd.edu.ar\/sitio\/wp-json\/wp\/v2\/tags?post=2281"}],"curies":[{"name":"wp","href":"https:\/\/api.w.org\/{rel}","templated":true}]}}