{"id":2332,"date":"2022-08-09T08:46:32","date_gmt":"2022-08-09T11:46:32","guid":{"rendered":"https:\/\/isef-crr.infd.edu.ar\/sitio\/?p=2332"},"modified":"2022-08-09T08:46:33","modified_gmt":"2022-08-09T11:46:33","slug":"propuestas-de-cursos-de-capacitacion","status":"publish","type":"post","link":"https:\/\/isef-crr.infd.edu.ar\/sitio\/propuestas-de-cursos-de-capacitacion\/","title":{"rendered":"Propuestas de Cursos de capacitaci\u00f3n"},"content":{"rendered":"\n<p>Nuevos Cursos de capacitaci\u00f3n destinado a profesores de Educaci\u00f3n F\u00edsica, gestionado por el \u00e1rea Formaci\u00f3n Docente Continua del ISEF a cargo de la profesora Nancy Segovia&#8230;.<\/p>\n\n\n\n<figure class=\"wp-block-image size-large\"><img decoding=\"async\" loading=\"lazy\" width=\"960\" height=\"960\" src=\"https:\/\/isef-crr.infd.edu.ar\/sitio\/wp-content\/uploads\/2022\/08\/banner-neuro-ciencia-en-el-deporte.jpeg\" alt=\"\" class=\"wp-image-2333\" srcset=\"https:\/\/isef-crr.infd.edu.ar\/sitio\/wp-content\/uploads\/2022\/08\/banner-neuro-ciencia-en-el-deporte.jpeg 960w, https:\/\/isef-crr.infd.edu.ar\/sitio\/wp-content\/uploads\/2022\/08\/banner-neuro-ciencia-en-el-deporte-500x500.jpeg 500w, https:\/\/isef-crr.infd.edu.ar\/sitio\/wp-content\/uploads\/2022\/08\/banner-neuro-ciencia-en-el-deporte-768x768.jpeg 768w\" sizes=\"(max-width: 960px) 100vw, 960px\" \/><\/figure>\n\n\n\n<p>Inscripci\u00f3n al curso \u00abLa Neurociencia en el deporte\u00bb&#8230;. hoy 9 de agosto a las 20 hs. por el catalogo de SIMA #<a rel=\"noreferrer noopener\" href=\"http:\/\/sima.mec.gob.ar\/catalogo\/?fbclid=IwAR19TAJ12QrGvbr07xKDu9Y9jyhrltcihIhGsgbgEQJSug_3vksID04S36A\" target=\"_blank\">http:\/\/sima.mec.gob.ar\/catalogo\/<\/a><\/p>\n","protected":false},"excerpt":{"rendered":"<p>Nuevos Cursos de capacitaci\u00f3n destinado a profesores de Educaci\u00f3n F\u00edsica, gestionado por el \u00e1rea Formaci\u00f3n Docente Continua del ISEF a cargo de la profesora Nancy Segovia&#8230;. Inscripci\u00f3n al curso \u00abLa Neurociencia en el deporte\u00bb&#8230;. hoy 9 de agosto a las 20 hs. por el catalogo de SIMA #http:\/\/sima.mec.gob.ar\/catalogo\/<\/p>\n","protected":false},"author":321,"featured_media":0,"comment_status":"open","ping_status":"open","sticky":false,"template":"","format":"standard","meta":[],"categories":[1],"tags":[],"acf":[],"_links":{"self":[{"href":"https:\/\/isef-crr.infd.edu.ar\/sitio\/wp-json\/wp\/v2\/posts\/2332"}],"collection":[{"href":"https:\/\/isef-crr.infd.edu.ar\/sitio\/wp-json\/wp\/v2\/posts"}],"about":[{"href":"https:\/\/isef-crr.infd.edu.ar\/sitio\/wp-json\/wp\/v2\/types\/post"}],"author":[{"embeddable":true,"href":"https:\/\/isef-crr.infd.edu.ar\/sitio\/wp-json\/wp\/v2\/users\/321"}],"replies":[{"embeddable":true,"href":"https:\/\/isef-crr.infd.edu.ar\/sitio\/wp-json\/wp\/v2\/comments?post=2332"}],"version-history":[{"count":1,"href":"https:\/\/isef-crr.infd.edu.ar\/sitio\/wp-json\/wp\/v2\/posts\/2332\/revisions"}],"predecessor-version":[{"id":2334,"href":"https:\/\/isef-crr.infd.edu.ar\/sitio\/wp-json\/wp\/v2\/posts\/2332\/revisions\/2334"}],"wp:attachment":[{"href":"https:\/\/isef-crr.infd.edu.ar\/sitio\/wp-json\/wp\/v2\/media?parent=2332"}],"wp:term":[{"taxonomy":"category","embeddable":true,"href":"https:\/\/isef-crr.infd.edu.ar\/sitio\/wp-json\/wp\/v2\/categories?post=2332"},{"taxonomy":"post_tag","embeddable":true,"href":"https:\/\/isef-crr.infd.edu.ar\/sitio\/wp-json\/wp\/v2\/tags?post=2332"}],"curies":[{"name":"wp","href":"https:\/\/api.w.org\/{rel}","templated":true}]}}