{"id":2338,"date":"2022-09-19T10:00:49","date_gmt":"2022-09-19T13:00:49","guid":{"rendered":"https:\/\/isef-crr.infd.edu.ar\/sitio\/?p=2338"},"modified":"2022-09-19T10:15:13","modified_gmt":"2022-09-19T13:15:13","slug":"duelo-en-el-instituto-por-el-fallecimiento-del-estudiante-matias-encinas","status":"publish","type":"post","link":"https:\/\/isef-crr.infd.edu.ar\/sitio\/duelo-en-el-instituto-por-el-fallecimiento-del-estudiante-matias-encinas\/","title":{"rendered":"Duelo en el Instituto de Educaci\u00f3n F\u00edsica por el fallecimiento de un estudiante"},"content":{"rendered":"\n<p class=\"has-text-align-left\">La Comunidad Educativa del Instituto Superior de Educaci\u00f3n F\u00edsica participa con profundo pesar la partida de nuestro alumno Mat\u00edas Encina de 4to 2da. Tu partida repentina nos produce mucha tristeza y dolor a tus compa\u00f1eros y docentes, deseamos que descanses en paz y brille la luz que no tiene fin.<br>Enviamos nuestros sentidos p\u00e9same, condolencia y resignaci\u00f3n a familiares, compa\u00f1eros y amigos.<br>Los acompa\u00f1amos en la oraci\u00f3n en este triste momento.<\/p>\n","protected":false},"excerpt":{"rendered":"<p>La Comunidad Educativa del Instituto Superior de Educaci\u00f3n F\u00edsica participa con profundo pesar la partida de nuestro alumno Mat\u00edas Encina de 4to 2da. Tu partida repentina nos produce mucha tristeza y dolor a tus compa\u00f1eros y docentes, deseamos que descanses en paz y brille la luz que no tiene fin.Enviamos nuestros sentidos p\u00e9same, condolencia y &#8230; <a title=\"Duelo en el Instituto de Educaci\u00f3n F\u00edsica por el fallecimiento de un estudiante\" class=\"read-more\" href=\"https:\/\/isef-crr.infd.edu.ar\/sitio\/duelo-en-el-instituto-por-el-fallecimiento-del-estudiante-matias-encinas\/\" aria-label=\"More on Duelo en el Instituto de Educaci\u00f3n F\u00edsica por el fallecimiento de un estudiante\">[+]<\/a><\/p>\n","protected":false},"author":321,"featured_media":0,"comment_status":"open","ping_status":"open","sticky":false,"template":"","format":"standard","meta":[],"categories":[1],"tags":[],"acf":[],"_links":{"self":[{"href":"https:\/\/isef-crr.infd.edu.ar\/sitio\/wp-json\/wp\/v2\/posts\/2338"}],"collection":[{"href":"https:\/\/isef-crr.infd.edu.ar\/sitio\/wp-json\/wp\/v2\/posts"}],"about":[{"href":"https:\/\/isef-crr.infd.edu.ar\/sitio\/wp-json\/wp\/v2\/types\/post"}],"author":[{"embeddable":true,"href":"https:\/\/isef-crr.infd.edu.ar\/sitio\/wp-json\/wp\/v2\/users\/321"}],"replies":[{"embeddable":true,"href":"https:\/\/isef-crr.infd.edu.ar\/sitio\/wp-json\/wp\/v2\/comments?post=2338"}],"version-history":[{"count":4,"href":"https:\/\/isef-crr.infd.edu.ar\/sitio\/wp-json\/wp\/v2\/posts\/2338\/revisions"}],"predecessor-version":[{"id":2343,"href":"https:\/\/isef-crr.infd.edu.ar\/sitio\/wp-json\/wp\/v2\/posts\/2338\/revisions\/2343"}],"wp:attachment":[{"href":"https:\/\/isef-crr.infd.edu.ar\/sitio\/wp-json\/wp\/v2\/media?parent=2338"}],"wp:term":[{"taxonomy":"category","embeddable":true,"href":"https:\/\/isef-crr.infd.edu.ar\/sitio\/wp-json\/wp\/v2\/categories?post=2338"},{"taxonomy":"post_tag","embeddable":true,"href":"https:\/\/isef-crr.infd.edu.ar\/sitio\/wp-json\/wp\/v2\/tags?post=2338"}],"curies":[{"name":"wp","href":"https:\/\/api.w.org\/{rel}","templated":true}]}}