{"id":2345,"date":"2022-09-23T19:11:11","date_gmt":"2022-09-23T22:11:11","guid":{"rendered":"https:\/\/isef-crr.infd.edu.ar\/sitio\/?p=2345"},"modified":"2022-09-23T19:11:12","modified_gmt":"2022-09-23T22:11:12","slug":"jornada-de-presentacion-del-libro-la-educacion-fisica-desde-el-propio-campo","status":"publish","type":"post","link":"https:\/\/isef-crr.infd.edu.ar\/sitio\/jornada-de-presentacion-del-libro-la-educacion-fisica-desde-el-propio-campo\/","title":{"rendered":"Jornada de Presentaci\u00f3n del Libro \u00abLa Educaci\u00f3n F\u00edsica desde el Propio Campo\u00bb"},"content":{"rendered":"\n<p>El Instituto Superior de Educaci\u00f3n F\u00edsica \u201cProf. Antonio Alejandro \u00c1lvarez\u201d, de la ciudad de Corrientes; el pasado viernes 16 de septiembre a las 9:30 hs. realizo la jornada de presentaci\u00f3n del libro \u00abLa Educaci\u00f3n F\u00edsica desde el propio campo\u00bb; donde se compartieron las experiencias de investigaci\u00f3n de profesores de Educaci\u00f3n F\u00edsica, en la Licenciatura de Educaci\u00f3n F\u00edsica de la Universidad Nacional de la Plata (UNLP), con sede en el Instituto de Educaci\u00f3n (IES) \u00abMiguel Neme\u00bb, en Las Bre\u00f1a. Chaco.<\/p>\n\n\n\n<p>En la misma disertaron los profesores Alicia Silva, Gustavo Carnevale y Gabriel Gramajo, de dicho Instituto, y el profesor Rodrigo Ramires, egresado y docente de ISEF.<\/p>\n\n\n\n<p>Contamos con la presencia del Director de la Direcci\u00f3n General de Educaci\u00f3n F\u00edsica Profesor Alejandro Simoni, el Rector Normalizador Sergio Sainz, la Vice Rectora Carolina Figueroa, el Equipo de la Comisi\u00f3n Directiva, el personal administrativo y docentes y estudiantes de 2\u00ba a\u00f1o del profesorado de Educaci\u00f3n F\u00edsica.<\/p>\n\n\n\n<p><\/p>\n\n\n\n<div class=\"wp-block-group\"><div class=\"wp-block-group__inner-container is-layout-flow\">\n<figure class=\"wp-block-gallery columns-1 is-cropped wp-block-gallery-1 is-layout-flex\"><ul class=\"blocks-gallery-grid\"><li class=\"blocks-gallery-item\"><figure><img decoding=\"async\" loading=\"lazy\" width=\"1200\" height=\"1600\" src=\"https:\/\/isef-crr.infd.edu.ar\/sitio\/wp-content\/uploads\/2022\/09\/1-Jornada-de-ISEF.jpeg\" alt=\"\" data-id=\"2346\" data-full-url=\"https:\/\/isef-crr.infd.edu.ar\/sitio\/wp-content\/uploads\/2022\/09\/1-Jornada-de-ISEF.jpeg\" data-link=\"https:\/\/isef-crr.infd.edu.ar\/sitio\/?attachment_id=2346#main\" class=\"wp-image-2346\" srcset=\"https:\/\/isef-crr.infd.edu.ar\/sitio\/wp-content\/uploads\/2022\/09\/1-Jornada-de-ISEF.jpeg 1200w, https:\/\/isef-crr.infd.edu.ar\/sitio\/wp-content\/uploads\/2022\/09\/1-Jornada-de-ISEF-750x1000.jpeg 750w, https:\/\/isef-crr.infd.edu.ar\/sitio\/wp-content\/uploads\/2022\/09\/1-Jornada-de-ISEF-768x1024.jpeg 768w, https:\/\/isef-crr.infd.edu.ar\/sitio\/wp-content\/uploads\/2022\/09\/1-Jornada-de-ISEF-1152x1536.jpeg 1152w\" sizes=\"(max-width: 1200px) 100vw, 1200px\" \/><\/figure><\/li><\/ul><\/figure>\n<\/div><\/div>\n\n\n\n<figure class=\"wp-block-gallery columns-2 is-cropped wp-block-gallery-4 is-layout-flex\"><ul class=\"blocks-gallery-grid\"><li class=\"blocks-gallery-item\"><figure><img decoding=\"async\" loading=\"lazy\" width=\"1599\" height=\"899\" src=\"https:\/\/isef-crr.infd.edu.ar\/sitio\/wp-content\/uploads\/2022\/09\/2-Jornada-de-ISEF.jpeg\" alt=\"\" data-id=\"2348\" data-link=\"https:\/\/isef-crr.infd.edu.ar\/sitio\/?attachment_id=2348#main\" class=\"wp-image-2348\" srcset=\"https:\/\/isef-crr.infd.edu.ar\/sitio\/wp-content\/uploads\/2022\/09\/2-Jornada-de-ISEF.jpeg 1599w, https:\/\/isef-crr.infd.edu.ar\/sitio\/wp-content\/uploads\/2022\/09\/2-Jornada-de-ISEF-1000x562.jpeg 1000w, https:\/\/isef-crr.infd.edu.ar\/sitio\/wp-content\/uploads\/2022\/09\/2-Jornada-de-ISEF-768x432.jpeg 768w, https:\/\/isef-crr.infd.edu.ar\/sitio\/wp-content\/uploads\/2022\/09\/2-Jornada-de-ISEF-1536x864.jpeg 1536w\" sizes=\"(max-width: 1599px) 100vw, 1599px\" \/><\/figure><\/li><li class=\"blocks-gallery-item\"><figure><img decoding=\"async\" loading=\"lazy\" width=\"1599\" height=\"899\" src=\"https:\/\/isef-crr.infd.edu.ar\/sitio\/wp-content\/uploads\/2022\/09\/3-jornada-de-ISEF.jpeg\" alt=\"\" data-id=\"2349\" data-full-url=\"https:\/\/isef-crr.infd.edu.ar\/sitio\/wp-content\/uploads\/2022\/09\/3-jornada-de-ISEF.jpeg\" data-link=\"https:\/\/isef-crr.infd.edu.ar\/sitio\/?attachment_id=2349#main\" class=\"wp-image-2349\" srcset=\"https:\/\/isef-crr.infd.edu.ar\/sitio\/wp-content\/uploads\/2022\/09\/3-jornada-de-ISEF.jpeg 1599w, https:\/\/isef-crr.infd.edu.ar\/sitio\/wp-content\/uploads\/2022\/09\/3-jornada-de-ISEF-1000x562.jpeg 1000w, https:\/\/isef-crr.infd.edu.ar\/sitio\/wp-content\/uploads\/2022\/09\/3-jornada-de-ISEF-768x432.jpeg 768w, https:\/\/isef-crr.infd.edu.ar\/sitio\/wp-content\/uploads\/2022\/09\/3-jornada-de-ISEF-1536x864.jpeg 1536w\" sizes=\"(max-width: 1599px) 100vw, 1599px\" \/><\/figure><\/li><\/ul><\/figure>\n","protected":false},"excerpt":{"rendered":"<p>El Instituto Superior de Educaci\u00f3n F\u00edsica \u201cProf. Antonio Alejandro \u00c1lvarez\u201d, de la ciudad de Corrientes; el pasado viernes 16 de septiembre a las 9:30 hs. realizo la jornada de presentaci\u00f3n del libro \u00abLa Educaci\u00f3n F\u00edsica desde el propio campo\u00bb; donde se compartieron las experiencias de investigaci\u00f3n de profesores de Educaci\u00f3n F\u00edsica, en la Licenciatura de &#8230; <a title=\"Jornada de Presentaci\u00f3n del Libro \u00abLa Educaci\u00f3n F\u00edsica desde el Propio Campo\u00bb\" class=\"read-more\" href=\"https:\/\/isef-crr.infd.edu.ar\/sitio\/jornada-de-presentacion-del-libro-la-educacion-fisica-desde-el-propio-campo\/\" aria-label=\"More on Jornada de Presentaci\u00f3n del Libro \u00abLa Educaci\u00f3n F\u00edsica desde el Propio Campo\u00bb\">[+]<\/a><\/p>\n","protected":false},"author":280,"featured_media":0,"comment_status":"open","ping_status":"open","sticky":false,"template":"","format":"standard","meta":[],"categories":[1],"tags":[],"acf":[],"_links":{"self":[{"href":"https:\/\/isef-crr.infd.edu.ar\/sitio\/wp-json\/wp\/v2\/posts\/2345"}],"collection":[{"href":"https:\/\/isef-crr.infd.edu.ar\/sitio\/wp-json\/wp\/v2\/posts"}],"about":[{"href":"https:\/\/isef-crr.infd.edu.ar\/sitio\/wp-json\/wp\/v2\/types\/post"}],"author":[{"embeddable":true,"href":"https:\/\/isef-crr.infd.edu.ar\/sitio\/wp-json\/wp\/v2\/users\/280"}],"replies":[{"embeddable":true,"href":"https:\/\/isef-crr.infd.edu.ar\/sitio\/wp-json\/wp\/v2\/comments?post=2345"}],"version-history":[{"count":2,"href":"https:\/\/isef-crr.infd.edu.ar\/sitio\/wp-json\/wp\/v2\/posts\/2345\/revisions"}],"predecessor-version":[{"id":2351,"href":"https:\/\/isef-crr.infd.edu.ar\/sitio\/wp-json\/wp\/v2\/posts\/2345\/revisions\/2351"}],"wp:attachment":[{"href":"https:\/\/isef-crr.infd.edu.ar\/sitio\/wp-json\/wp\/v2\/media?parent=2345"}],"wp:term":[{"taxonomy":"category","embeddable":true,"href":"https:\/\/isef-crr.infd.edu.ar\/sitio\/wp-json\/wp\/v2\/categories?post=2345"},{"taxonomy":"post_tag","embeddable":true,"href":"https:\/\/isef-crr.infd.edu.ar\/sitio\/wp-json\/wp\/v2\/tags?post=2345"}],"curies":[{"name":"wp","href":"https:\/\/api.w.org\/{rel}","templated":true}]}}