{"id":2354,"date":"2022-11-07T10:20:43","date_gmt":"2022-11-07T13:20:43","guid":{"rendered":"https:\/\/isef-crr.infd.edu.ar\/sitio\/?p=2354"},"modified":"2022-11-30T23:56:13","modified_gmt":"2022-12-01T02:56:13","slug":"reglamento-administrativo-de-ingreso-pre-inscripcion-e-inscripcion-2023","status":"publish","type":"post","link":"https:\/\/isef-crr.infd.edu.ar\/sitio\/reglamento-administrativo-de-ingreso-pre-inscripcion-e-inscripcion-2023\/","title":{"rendered":"REGLAMENTO ADMINISTRATIVO DE INGRESO: PRE-INSCRIPCI\u00d3N E INSCRIPCI\u00d3N. 2023."},"content":{"rendered":"\n<ol type=\"1\"><li>Pre-Inscripci\u00f3n: Ser\u00e1 virtual desde el Sistema SIMA : desde el 1\/12\/22 al 31\/12\/22 o hasta agotar cupos disponibles.<\/li><li><strong>Para la inscripci\u00f3n efectiva a la Carrera del Profesorado de Educaci\u00f3n F\u00edsica, los interesados deber\u00e1n presentar en las instalaciones del ISEF (en el mes de febrero) la siguiente documentaci\u00f3n en una carpeta colgante:<\/strong><\/li><li>Solicitud de Inscripci\u00f3n por nota a la Rector\u00eda del I.S.E.F.<\/li><li>T\u00edtulo de Nivel Secundario o su equivalente. Si el mismo se encontrara en tr\u00e1mite; se permitir\u00e1 presentar \u201cCertificado de Culminaci\u00f3n del Nivel Secundario que consigne NO ADEUDA MATERIAS.<\/li><li>Si no posee t\u00edtulo secundario, debe ser mayor de 25 a\u00f1os y demostrar a trav\u00e9s de evaluaciones administradas a tal fin, poseer conocimientos y aptitudes y\/o experiencia laboral acorde con los estudios que se propone iniciar.<\/li><li>Partida de Nacimiento original o fotocopia autenticada. Edad m\u00ednima de ingreso 16 a\u00f1os cumplidos antes del 31 de marzo del a\u00f1o en curso.<\/li><li><strong>Examen psicof\u00edsico en relaci\u00f3n con las condiciones de salud; por lo que deber\u00e1n presentar Certificados M\u00e9dicos con informes por separados, a saber: Aptitud Fisca que exprese claramente que se encuentra en condiciones de realizar la carrera de Educaci\u00f3nF\u00edsica, con informe m\u00e9dico. Electrocardiograma y Ergometr\u00eda con informe.Odontol\u00f3gico.Oftalmol\u00f3gico.Otorrinolaringol\u00f3gico.Psiqui\u00e1trico\/Psicol\u00f3gico- \u201cTest Proyectivo\u201dGrupo Sangu\u00edneo.Laboratorio completo. \u2013 Chagas \u2013 Mazza.Certificado de vacunas completas seg\u00fan lo establece el Ministerio de Salud P\u00fablica.<\/strong><\/li><\/ol>\n\n\n\n<p><strong>Todo lo referido a salud, debe provenir de Organismos Oficiales (Hospital o CAPS) y\/o Privados.<\/strong><\/p>\n\n\n\n<ul><li><strong>Certificado de Buena Conducta.<\/strong><\/li><li><strong>Tres fotograf\u00edas tipo Carnet 4 x 4.<\/strong><\/li><li><strong>Fotocopia del DNI: ambos lados (Autenticado).<\/strong><\/li><li><strong>Aspirantes extranjeros: Titulo reconocido por el Ministerio del Interior y con Registro Provincial.<\/strong><\/li><li><strong>Acta de Conformidad firmada.<\/strong><\/li><\/ul>\n\n\n\n<p><strong>Si fuese menor de 18 a\u00f1os, dicha normativa y autorizaci\u00f3n de inscripci\u00f3n a la Carrera debe estar firmada por el Tutor\/a.<\/strong><\/p>\n\n\n\n<p>Presentaci\u00f3n: la Documentaci\u00f3n deber\u00e1 estar ordenada en la carpeta seg\u00fan los puntos anteriores, juntamente con el Acta de Conformidad firmada, con identificaci\u00f3n externa: Apellido\/s Nombre\/s y DNI, en letras grandes. Todas las fotocopias deben ser legibles. Autenticadas por autoridad oficial (Escribano, Polic\u00eda o Autoridad que expide la documentaci\u00f3n).<\/p>\n\n\n\n<p>Dicha presentaci\u00f3n de la carpeta, con toda la documentaci\u00f3n, deber\u00e1 realizarse en el Instituto Superior de Educaci\u00f3n F\u00edsica \u201cAntonio A \u00c1lvarez\u201d, en el d\u00eda y horario designado oportunamente.<\/p>\n\n\n\n<p>La presentaci\u00f3n de una o m\u00e1s documentaciones requeridas o presentada fuera de la fecha y horario designado, implica la desestimaci\u00f3n de la inscripci\u00f3n.<\/p>\n","protected":false},"excerpt":{"rendered":"<p>Pre-Inscripci\u00f3n: Ser\u00e1 virtual desde el Sistema SIMA : desde el 1\/12\/22 al 31\/12\/22 o hasta agotar cupos disponibles. Para la inscripci\u00f3n efectiva a la Carrera del Profesorado de Educaci\u00f3n F\u00edsica, los interesados deber\u00e1n presentar en las instalaciones del ISEF (en el mes de febrero) la siguiente documentaci\u00f3n en una carpeta colgante: Solicitud de Inscripci\u00f3n por &#8230; <a title=\"REGLAMENTO ADMINISTRATIVO DE INGRESO: PRE-INSCRIPCI\u00d3N E INSCRIPCI\u00d3N. 2023.\" class=\"read-more\" href=\"https:\/\/isef-crr.infd.edu.ar\/sitio\/reglamento-administrativo-de-ingreso-pre-inscripcion-e-inscripcion-2023\/\" aria-label=\"More on REGLAMENTO ADMINISTRATIVO DE INGRESO: PRE-INSCRIPCI\u00d3N E INSCRIPCI\u00d3N. 2023.\">[+]<\/a><\/p>\n","protected":false},"author":594,"featured_media":0,"comment_status":"open","ping_status":"open","sticky":false,"template":"","format":"standard","meta":[],"categories":[8,15,9,6],"tags":[],"acf":[],"_links":{"self":[{"href":"https:\/\/isef-crr.infd.edu.ar\/sitio\/wp-json\/wp\/v2\/posts\/2354"}],"collection":[{"href":"https:\/\/isef-crr.infd.edu.ar\/sitio\/wp-json\/wp\/v2\/posts"}],"about":[{"href":"https:\/\/isef-crr.infd.edu.ar\/sitio\/wp-json\/wp\/v2\/types\/post"}],"author":[{"embeddable":true,"href":"https:\/\/isef-crr.infd.edu.ar\/sitio\/wp-json\/wp\/v2\/users\/594"}],"replies":[{"embeddable":true,"href":"https:\/\/isef-crr.infd.edu.ar\/sitio\/wp-json\/wp\/v2\/comments?post=2354"}],"version-history":[{"count":2,"href":"https:\/\/isef-crr.infd.edu.ar\/sitio\/wp-json\/wp\/v2\/posts\/2354\/revisions"}],"predecessor-version":[{"id":2358,"href":"https:\/\/isef-crr.infd.edu.ar\/sitio\/wp-json\/wp\/v2\/posts\/2354\/revisions\/2358"}],"wp:attachment":[{"href":"https:\/\/isef-crr.infd.edu.ar\/sitio\/wp-json\/wp\/v2\/media?parent=2354"}],"wp:term":[{"taxonomy":"category","embeddable":true,"href":"https:\/\/isef-crr.infd.edu.ar\/sitio\/wp-json\/wp\/v2\/categories?post=2354"},{"taxonomy":"post_tag","embeddable":true,"href":"https:\/\/isef-crr.infd.edu.ar\/sitio\/wp-json\/wp\/v2\/tags?post=2354"}],"curies":[{"name":"wp","href":"https:\/\/api.w.org\/{rel}","templated":true}]}}