{"id":2359,"date":"2022-11-07T20:25:34","date_gmt":"2022-11-07T23:25:34","guid":{"rendered":"https:\/\/isef-crr.infd.edu.ar\/sitio\/?p=2359"},"modified":"2022-11-07T20:27:22","modified_gmt":"2022-11-07T23:27:22","slug":"nuevos-cursos-de-capacitacion-destinado-a-profesores-de-educacion-fisica","status":"publish","type":"post","link":"https:\/\/isef-crr.infd.edu.ar\/sitio\/nuevos-cursos-de-capacitacion-destinado-a-profesores-de-educacion-fisica\/","title":{"rendered":"Nuevos Cursos de capacitaci\u00f3n destinado a profesores de Educaci\u00f3n F\u00edsica"},"content":{"rendered":"\n<p class=\"has-text-align-center\">Nuevos Cursos de capacitaci\u00f3n destinado a profesores de Educaci\u00f3n F\u00edsica, gestionado por el \u00e1rea de Formaci\u00f3n Docente Continua del ISEF a cargo de la profesora Nancy Segovia, la inscripci\u00f3n se realizara el d\u00eda mi\u00e9rcoles 9 de noviembre del a\u00f1o 2022 por el cat\u00e1logo del sistema SIMA.<\/p>\n\n\n\n<figure class=\"wp-block-image size-large\"><img decoding=\"async\" loading=\"lazy\" width=\"960\" height=\"960\" src=\"https:\/\/isef-crr.infd.edu.ar\/sitio\/wp-content\/uploads\/2022\/11\/Curso-concepto-ypractica-en-destrezas-gimnasticas.jpeg\" alt=\"\" class=\"wp-image-2360\" srcset=\"https:\/\/isef-crr.infd.edu.ar\/sitio\/wp-content\/uploads\/2022\/11\/Curso-concepto-ypractica-en-destrezas-gimnasticas.jpeg 960w, https:\/\/isef-crr.infd.edu.ar\/sitio\/wp-content\/uploads\/2022\/11\/Curso-concepto-ypractica-en-destrezas-gimnasticas-500x500.jpeg 500w, https:\/\/isef-crr.infd.edu.ar\/sitio\/wp-content\/uploads\/2022\/11\/Curso-concepto-ypractica-en-destrezas-gimnasticas-768x768.jpeg 768w\" sizes=\"(max-width: 960px) 100vw, 960px\" \/><\/figure>\n\n\n\n<figure class=\"wp-block-image size-large\"><img decoding=\"async\" loading=\"lazy\" width=\"960\" height=\"960\" src=\"https:\/\/isef-crr.infd.edu.ar\/sitio\/wp-content\/uploads\/2022\/11\/Curso-el-futbol-de-salon.jpeg\" alt=\"\" class=\"wp-image-2361\" srcset=\"https:\/\/isef-crr.infd.edu.ar\/sitio\/wp-content\/uploads\/2022\/11\/Curso-el-futbol-de-salon.jpeg 960w, https:\/\/isef-crr.infd.edu.ar\/sitio\/wp-content\/uploads\/2022\/11\/Curso-el-futbol-de-salon-500x500.jpeg 500w, https:\/\/isef-crr.infd.edu.ar\/sitio\/wp-content\/uploads\/2022\/11\/Curso-el-futbol-de-salon-768x768.jpeg 768w\" sizes=\"(max-width: 960px) 100vw, 960px\" \/><\/figure>\n\n\n\n<figure class=\"wp-block-image size-large\"><img decoding=\"async\" loading=\"lazy\" width=\"960\" height=\"960\" src=\"https:\/\/isef-crr.infd.edu.ar\/sitio\/wp-content\/uploads\/2022\/11\/Curso-traversalidad-de-un-campamento.jpeg\" alt=\"\" class=\"wp-image-2362\" srcset=\"https:\/\/isef-crr.infd.edu.ar\/sitio\/wp-content\/uploads\/2022\/11\/Curso-traversalidad-de-un-campamento.jpeg 960w, https:\/\/isef-crr.infd.edu.ar\/sitio\/wp-content\/uploads\/2022\/11\/Curso-traversalidad-de-un-campamento-500x500.jpeg 500w, https:\/\/isef-crr.infd.edu.ar\/sitio\/wp-content\/uploads\/2022\/11\/Curso-traversalidad-de-un-campamento-768x768.jpeg 768w\" sizes=\"(max-width: 960px) 100vw, 960px\" \/><\/figure>\n\n\n\n<figure class=\"wp-block-image size-large\"><img decoding=\"async\" loading=\"lazy\" width=\"960\" height=\"960\" src=\"https:\/\/isef-crr.infd.edu.ar\/sitio\/wp-content\/uploads\/2022\/11\/Jornada-Iniciacion-deprotiva-futbol-rugby.jpeg\" alt=\"\" class=\"wp-image-2363\" srcset=\"https:\/\/isef-crr.infd.edu.ar\/sitio\/wp-content\/uploads\/2022\/11\/Jornada-Iniciacion-deprotiva-futbol-rugby.jpeg 960w, https:\/\/isef-crr.infd.edu.ar\/sitio\/wp-content\/uploads\/2022\/11\/Jornada-Iniciacion-deprotiva-futbol-rugby-500x500.jpeg 500w, https:\/\/isef-crr.infd.edu.ar\/sitio\/wp-content\/uploads\/2022\/11\/Jornada-Iniciacion-deprotiva-futbol-rugby-768x768.jpeg 768w\" sizes=\"(max-width: 960px) 100vw, 960px\" \/><\/figure>\n","protected":false},"excerpt":{"rendered":"<p>Nuevos Cursos de capacitaci\u00f3n destinado a profesores de Educaci\u00f3n F\u00edsica, gestionado por el \u00e1rea de Formaci\u00f3n Docente Continua del ISEF a cargo de la profesora Nancy Segovia, la inscripci\u00f3n se realizara el d\u00eda mi\u00e9rcoles 9 de noviembre del a\u00f1o 2022 por el cat\u00e1logo del sistema SIMA.<\/p>\n","protected":false},"author":321,"featured_media":0,"comment_status":"open","ping_status":"open","sticky":false,"template":"","format":"standard","meta":[],"categories":[1],"tags":[],"acf":[],"_links":{"self":[{"href":"https:\/\/isef-crr.infd.edu.ar\/sitio\/wp-json\/wp\/v2\/posts\/2359"}],"collection":[{"href":"https:\/\/isef-crr.infd.edu.ar\/sitio\/wp-json\/wp\/v2\/posts"}],"about":[{"href":"https:\/\/isef-crr.infd.edu.ar\/sitio\/wp-json\/wp\/v2\/types\/post"}],"author":[{"embeddable":true,"href":"https:\/\/isef-crr.infd.edu.ar\/sitio\/wp-json\/wp\/v2\/users\/321"}],"replies":[{"embeddable":true,"href":"https:\/\/isef-crr.infd.edu.ar\/sitio\/wp-json\/wp\/v2\/comments?post=2359"}],"version-history":[{"count":1,"href":"https:\/\/isef-crr.infd.edu.ar\/sitio\/wp-json\/wp\/v2\/posts\/2359\/revisions"}],"predecessor-version":[{"id":2364,"href":"https:\/\/isef-crr.infd.edu.ar\/sitio\/wp-json\/wp\/v2\/posts\/2359\/revisions\/2364"}],"wp:attachment":[{"href":"https:\/\/isef-crr.infd.edu.ar\/sitio\/wp-json\/wp\/v2\/media?parent=2359"}],"wp:term":[{"taxonomy":"category","embeddable":true,"href":"https:\/\/isef-crr.infd.edu.ar\/sitio\/wp-json\/wp\/v2\/categories?post=2359"},{"taxonomy":"post_tag","embeddable":true,"href":"https:\/\/isef-crr.infd.edu.ar\/sitio\/wp-json\/wp\/v2\/tags?post=2359"}],"curies":[{"name":"wp","href":"https:\/\/api.w.org\/{rel}","templated":true}]}}