{"id":2366,"date":"2022-11-07T20:43:35","date_gmt":"2022-11-07T23:43:35","guid":{"rendered":"https:\/\/isef-crr.infd.edu.ar\/sitio\/?p=2366"},"modified":"2022-11-07T20:43:36","modified_gmt":"2022-11-07T23:43:36","slug":"nuevos-cursos-de-capacitacion-para-profesores-de-educacion-fisica","status":"publish","type":"post","link":"https:\/\/isef-crr.infd.edu.ar\/sitio\/nuevos-cursos-de-capacitacion-para-profesores-de-educacion-fisica\/","title":{"rendered":"Nuevos Cursos de Capacitaci\u00f3n para profesores de Educaci\u00f3n F\u00edsica"},"content":{"rendered":"\n<p>Nuevos Cursos de capacitaci\u00f3n destinado a profesores de Educaci\u00f3n F\u00edsica, gestionado por el \u00e1rea\u00a0 Formaci\u00f3n\u00a0 Docente\u00a0 Continua del ISEF a cargo de la profesora Nancy Segovia, la inscripci\u00f3n se realizara el d\u00eda miercoles 9 de noviembre del a\u00f1o 2022 por el cat\u00e1logo del sistema SIMA. <a href=\"http:\/\/sima.mec.gob.ar\/catalogo\/\">http:\/\/sima.mec.gob.ar\/catalogo\/<\/a> <\/p>\n\n\n\n<figure class=\"wp-block-image size-large\"><img decoding=\"async\" loading=\"lazy\" width=\"960\" height=\"960\" src=\"https:\/\/isef-crr.infd.edu.ar\/sitio\/wp-content\/uploads\/2022\/11\/Curso-concepto-ypractica-en-destrezas-gimnasticas-1.jpeg\" alt=\"\" class=\"wp-image-2367\" srcset=\"https:\/\/isef-crr.infd.edu.ar\/sitio\/wp-content\/uploads\/2022\/11\/Curso-concepto-ypractica-en-destrezas-gimnasticas-1.jpeg 960w, https:\/\/isef-crr.infd.edu.ar\/sitio\/wp-content\/uploads\/2022\/11\/Curso-concepto-ypractica-en-destrezas-gimnasticas-1-500x500.jpeg 500w, https:\/\/isef-crr.infd.edu.ar\/sitio\/wp-content\/uploads\/2022\/11\/Curso-concepto-ypractica-en-destrezas-gimnasticas-1-768x768.jpeg 768w\" sizes=\"(max-width: 960px) 100vw, 960px\" \/><\/figure>\n\n\n\n<figure class=\"wp-block-image size-large\"><img decoding=\"async\" loading=\"lazy\" width=\"960\" height=\"960\" src=\"https:\/\/isef-crr.infd.edu.ar\/sitio\/wp-content\/uploads\/2022\/11\/Curso-el-futbol-de-salon-1.jpeg\" alt=\"\" class=\"wp-image-2368\" srcset=\"https:\/\/isef-crr.infd.edu.ar\/sitio\/wp-content\/uploads\/2022\/11\/Curso-el-futbol-de-salon-1.jpeg 960w, https:\/\/isef-crr.infd.edu.ar\/sitio\/wp-content\/uploads\/2022\/11\/Curso-el-futbol-de-salon-1-500x500.jpeg 500w, https:\/\/isef-crr.infd.edu.ar\/sitio\/wp-content\/uploads\/2022\/11\/Curso-el-futbol-de-salon-1-768x768.jpeg 768w\" sizes=\"(max-width: 960px) 100vw, 960px\" \/><\/figure>\n\n\n\n<figure class=\"wp-block-image size-large\"><img decoding=\"async\" loading=\"lazy\" width=\"960\" height=\"960\" src=\"https:\/\/isef-crr.infd.edu.ar\/sitio\/wp-content\/uploads\/2022\/11\/Curso-traversalidad-de-un-campamento-1.jpeg\" alt=\"\" class=\"wp-image-2369\" srcset=\"https:\/\/isef-crr.infd.edu.ar\/sitio\/wp-content\/uploads\/2022\/11\/Curso-traversalidad-de-un-campamento-1.jpeg 960w, https:\/\/isef-crr.infd.edu.ar\/sitio\/wp-content\/uploads\/2022\/11\/Curso-traversalidad-de-un-campamento-1-500x500.jpeg 500w, https:\/\/isef-crr.infd.edu.ar\/sitio\/wp-content\/uploads\/2022\/11\/Curso-traversalidad-de-un-campamento-1-768x768.jpeg 768w\" sizes=\"(max-width: 960px) 100vw, 960px\" \/><\/figure>\n\n\n\n<figure class=\"wp-block-image size-large\"><img decoding=\"async\" loading=\"lazy\" width=\"960\" height=\"960\" src=\"https:\/\/isef-crr.infd.edu.ar\/sitio\/wp-content\/uploads\/2022\/11\/Jornada-Iniciacion-deprotiva-futbol-rugby-1.jpeg\" alt=\"\" class=\"wp-image-2370\" srcset=\"https:\/\/isef-crr.infd.edu.ar\/sitio\/wp-content\/uploads\/2022\/11\/Jornada-Iniciacion-deprotiva-futbol-rugby-1.jpeg 960w, https:\/\/isef-crr.infd.edu.ar\/sitio\/wp-content\/uploads\/2022\/11\/Jornada-Iniciacion-deprotiva-futbol-rugby-1-500x500.jpeg 500w, https:\/\/isef-crr.infd.edu.ar\/sitio\/wp-content\/uploads\/2022\/11\/Jornada-Iniciacion-deprotiva-futbol-rugby-1-768x768.jpeg 768w\" sizes=\"(max-width: 960px) 100vw, 960px\" \/><\/figure>\n","protected":false},"excerpt":{"rendered":"<p>Nuevos Cursos de capacitaci\u00f3n destinado a profesores de Educaci\u00f3n F\u00edsica, gestionado por el \u00e1rea\u00a0 Formaci\u00f3n\u00a0 Docente\u00a0 Continua del ISEF a cargo de la profesora Nancy Segovia, la inscripci\u00f3n se realizara el d\u00eda miercoles 9 de noviembre del a\u00f1o 2022 por el cat\u00e1logo del sistema SIMA. http:\/\/sima.mec.gob.ar\/catalogo\/<\/p>\n","protected":false},"author":321,"featured_media":0,"comment_status":"open","ping_status":"open","sticky":false,"template":"","format":"standard","meta":[],"categories":[1],"tags":[],"acf":[],"_links":{"self":[{"href":"https:\/\/isef-crr.infd.edu.ar\/sitio\/wp-json\/wp\/v2\/posts\/2366"}],"collection":[{"href":"https:\/\/isef-crr.infd.edu.ar\/sitio\/wp-json\/wp\/v2\/posts"}],"about":[{"href":"https:\/\/isef-crr.infd.edu.ar\/sitio\/wp-json\/wp\/v2\/types\/post"}],"author":[{"embeddable":true,"href":"https:\/\/isef-crr.infd.edu.ar\/sitio\/wp-json\/wp\/v2\/users\/321"}],"replies":[{"embeddable":true,"href":"https:\/\/isef-crr.infd.edu.ar\/sitio\/wp-json\/wp\/v2\/comments?post=2366"}],"version-history":[{"count":1,"href":"https:\/\/isef-crr.infd.edu.ar\/sitio\/wp-json\/wp\/v2\/posts\/2366\/revisions"}],"predecessor-version":[{"id":2371,"href":"https:\/\/isef-crr.infd.edu.ar\/sitio\/wp-json\/wp\/v2\/posts\/2366\/revisions\/2371"}],"wp:attachment":[{"href":"https:\/\/isef-crr.infd.edu.ar\/sitio\/wp-json\/wp\/v2\/media?parent=2366"}],"wp:term":[{"taxonomy":"category","embeddable":true,"href":"https:\/\/isef-crr.infd.edu.ar\/sitio\/wp-json\/wp\/v2\/categories?post=2366"},{"taxonomy":"post_tag","embeddable":true,"href":"https:\/\/isef-crr.infd.edu.ar\/sitio\/wp-json\/wp\/v2\/tags?post=2366"}],"curies":[{"name":"wp","href":"https:\/\/api.w.org\/{rel}","templated":true}]}}