{"id":2375,"date":"2022-11-25T11:09:59","date_gmt":"2022-11-25T14:09:59","guid":{"rendered":"https:\/\/isef-crr.infd.edu.ar\/sitio\/?p=2375"},"modified":"2022-11-25T11:10:00","modified_gmt":"2022-11-25T14:10:00","slug":"inscripcion-a-curso-de-capacitacion","status":"publish","type":"post","link":"https:\/\/isef-crr.infd.edu.ar\/sitio\/inscripcion-a-curso-de-capacitacion\/","title":{"rendered":"Inscripci\u00f3n a Curso de Capacitaci\u00f3n"},"content":{"rendered":"\n<p>Nuevo Curso de capacitaci\u00f3n destinado a profesores de Educaci\u00f3n F\u00edsica, gestionado por el \u00e1rea Formaci\u00f3n Docente Continua del ISEF a cargo de la profesora Nancy Segovia, la inscripci\u00f3n se realizara el d\u00eda martes 29 de noviembre del a\u00f1o 2022 a las 19 horas  por el cat\u00e1logo del sistema SIMA. <a rel=\"noreferrer noopener\" href=\"http:\/\/sima.mec.gob.ar\/catalogo\/?fbclid=IwAR0FThoFGg0DaJKEJ_NStI5ScuTkKKNpOSB-JKGY7KQYFl1seIdCvxLG4_M\" target=\"_blank\">http:\/\/sima.mec.gob.ar\/catalogo\/<\/a> <\/p>\n\n\n\n<p class=\"has-text-align-center\"> <img decoding=\"async\" loading=\"lazy\" width=\"960\" height=\"960\" class=\"wp-image-2377\" style=\"width: 150px;\" src=\"https:\/\/isef-crr.infd.edu.ar\/sitio\/wp-content\/uploads\/2022\/11\/abordaje-neurociencia-educ.fisica.jpeg\" alt=\"\" srcset=\"https:\/\/isef-crr.infd.edu.ar\/sitio\/wp-content\/uploads\/2022\/11\/abordaje-neurociencia-educ.fisica.jpeg 960w, https:\/\/isef-crr.infd.edu.ar\/sitio\/wp-content\/uploads\/2022\/11\/abordaje-neurociencia-educ.fisica-500x500.jpeg 500w, https:\/\/isef-crr.infd.edu.ar\/sitio\/wp-content\/uploads\/2022\/11\/abordaje-neurociencia-educ.fisica-768x768.jpeg 768w\" sizes=\"(max-width: 960px) 100vw, 960px\" \/><\/p>\n\n\n\n<p><\/p>\n","protected":false},"excerpt":{"rendered":"<p>Nuevo Curso de capacitaci\u00f3n destinado a profesores de Educaci\u00f3n F\u00edsica, gestionado por el \u00e1rea Formaci\u00f3n Docente Continua del ISEF a cargo de la profesora Nancy Segovia, la inscripci\u00f3n se realizara el d\u00eda martes 29 de noviembre del a\u00f1o 2022 a las 19 horas por el cat\u00e1logo del sistema SIMA. http:\/\/sima.mec.gob.ar\/catalogo\/<\/p>\n","protected":false},"author":321,"featured_media":0,"comment_status":"open","ping_status":"open","sticky":false,"template":"","format":"standard","meta":[],"categories":[1],"tags":[],"acf":[],"_links":{"self":[{"href":"https:\/\/isef-crr.infd.edu.ar\/sitio\/wp-json\/wp\/v2\/posts\/2375"}],"collection":[{"href":"https:\/\/isef-crr.infd.edu.ar\/sitio\/wp-json\/wp\/v2\/posts"}],"about":[{"href":"https:\/\/isef-crr.infd.edu.ar\/sitio\/wp-json\/wp\/v2\/types\/post"}],"author":[{"embeddable":true,"href":"https:\/\/isef-crr.infd.edu.ar\/sitio\/wp-json\/wp\/v2\/users\/321"}],"replies":[{"embeddable":true,"href":"https:\/\/isef-crr.infd.edu.ar\/sitio\/wp-json\/wp\/v2\/comments?post=2375"}],"version-history":[{"count":2,"href":"https:\/\/isef-crr.infd.edu.ar\/sitio\/wp-json\/wp\/v2\/posts\/2375\/revisions"}],"predecessor-version":[{"id":2378,"href":"https:\/\/isef-crr.infd.edu.ar\/sitio\/wp-json\/wp\/v2\/posts\/2375\/revisions\/2378"}],"wp:attachment":[{"href":"https:\/\/isef-crr.infd.edu.ar\/sitio\/wp-json\/wp\/v2\/media?parent=2375"}],"wp:term":[{"taxonomy":"category","embeddable":true,"href":"https:\/\/isef-crr.infd.edu.ar\/sitio\/wp-json\/wp\/v2\/categories?post=2375"},{"taxonomy":"post_tag","embeddable":true,"href":"https:\/\/isef-crr.infd.edu.ar\/sitio\/wp-json\/wp\/v2\/tags?post=2375"}],"curies":[{"name":"wp","href":"https:\/\/api.w.org\/{rel}","templated":true}]}}