{"id":2436,"date":"2023-04-12T12:31:52","date_gmt":"2023-04-12T15:31:52","guid":{"rendered":"https:\/\/isef-crr.infd.edu.ar\/sitio\/?p=2436"},"modified":"2023-04-12T12:33:52","modified_gmt":"2023-04-12T15:33:52","slug":"acto-de-apertura-ciclo-2023","status":"publish","type":"post","link":"https:\/\/isef-crr.infd.edu.ar\/sitio\/acto-de-apertura-ciclo-2023\/","title":{"rendered":"Acto de apertura ciclo 2023"},"content":{"rendered":"\n<p>El d\u00eda, Lunes 20 de Marzo 2023, se llev\u00f3 a cabo el Acto de Apertura del Ciclo 2023 en el gimnasio del C.E.F N<sup>o<\/sup> 1 Eduardo J. Robles. El evento cont\u00f3 con la presencia de, la Supervisora del Nivel Superior, Martha Mari\u00f1o Rey, la Vice Rectora Profesora Carolina Figueroa Lemos, Secretaria Acad\u00e9mica Lic. Gabriela Gallegos, coordinadores de \u00e1reas, docentes y alumnos.<\/p>\n\n\n\n<p>El acto inici\u00f3 con la entrada de las banderas de ceremonia, entonaci\u00f3n del himno nacional argentino, acto seguido le dio la bienvenida al ciclo lectivo 2023 a alumnos y docentes &nbsp;la vice rectora de la instituci\u00f3n, continuando con las palabras de la secretaria acad\u00e9mica, retiro de las banderas de ceremonias y &nbsp;&nbsp;&nbsp;posteriormente se procedi\u00f3 a reconocer a los estudiantes que participaron en los JUR (Juegos Universitarios Regionales) 2022, destacando su compromiso, esfuerzo y dedicaci\u00f3n en el desarrollo de sus habilidades y destrezas.<\/p>\n\n\n\n<p>La apertura del ciclo lectivo representa un nuevo comienzo para todos los presentes, en especial para nuestros estudiantes, quienes se preparan para afrontar nuevos desaf\u00edos acad\u00e9micos y profesionales. La instituci\u00f3n se enorgullece de contar con un cuerpo docente comprometido y capacitado, dispuesto a brindar su mejor esfuerzo en la formaci\u00f3n de nuestros futuros profesionales.<\/p>\n","protected":false},"excerpt":{"rendered":"<p>El d\u00eda, Lunes 20 de Marzo 2023, se llev\u00f3 a cabo el Acto de Apertura del Ciclo 2023 en el gimnasio del C.E.F No 1 Eduardo J. Robles. El evento cont\u00f3 con la presencia de, la Supervisora del Nivel Superior, Martha Mari\u00f1o Rey, la Vice Rectora Profesora Carolina Figueroa Lemos, Secretaria Acad\u00e9mica Lic. Gabriela Gallegos, &#8230; <a title=\"Acto de apertura ciclo 2023\" class=\"read-more\" href=\"https:\/\/isef-crr.infd.edu.ar\/sitio\/acto-de-apertura-ciclo-2023\/\" aria-label=\"More on Acto de apertura ciclo 2023\">[+]<\/a><\/p>\n","protected":false},"author":685,"featured_media":0,"comment_status":"open","ping_status":"open","sticky":false,"template":"","format":"standard","meta":[],"categories":[15,7,6],"tags":[],"acf":[],"_links":{"self":[{"href":"https:\/\/isef-crr.infd.edu.ar\/sitio\/wp-json\/wp\/v2\/posts\/2436"}],"collection":[{"href":"https:\/\/isef-crr.infd.edu.ar\/sitio\/wp-json\/wp\/v2\/posts"}],"about":[{"href":"https:\/\/isef-crr.infd.edu.ar\/sitio\/wp-json\/wp\/v2\/types\/post"}],"author":[{"embeddable":true,"href":"https:\/\/isef-crr.infd.edu.ar\/sitio\/wp-json\/wp\/v2\/users\/685"}],"replies":[{"embeddable":true,"href":"https:\/\/isef-crr.infd.edu.ar\/sitio\/wp-json\/wp\/v2\/comments?post=2436"}],"version-history":[{"count":1,"href":"https:\/\/isef-crr.infd.edu.ar\/sitio\/wp-json\/wp\/v2\/posts\/2436\/revisions"}],"predecessor-version":[{"id":2443,"href":"https:\/\/isef-crr.infd.edu.ar\/sitio\/wp-json\/wp\/v2\/posts\/2436\/revisions\/2443"}],"wp:attachment":[{"href":"https:\/\/isef-crr.infd.edu.ar\/sitio\/wp-json\/wp\/v2\/media?parent=2436"}],"wp:term":[{"taxonomy":"category","embeddable":true,"href":"https:\/\/isef-crr.infd.edu.ar\/sitio\/wp-json\/wp\/v2\/categories?post=2436"},{"taxonomy":"post_tag","embeddable":true,"href":"https:\/\/isef-crr.infd.edu.ar\/sitio\/wp-json\/wp\/v2\/tags?post=2436"}],"curies":[{"name":"wp","href":"https:\/\/api.w.org\/{rel}","templated":true}]}}