{"id":2480,"date":"2023-04-19T10:07:05","date_gmt":"2023-04-19T13:07:05","guid":{"rendered":"https:\/\/isef-crr.infd.edu.ar\/sitio\/?p=2480"},"modified":"2023-04-19T12:42:37","modified_gmt":"2023-04-19T15:42:37","slug":"objetivos-de-la-cipe","status":"publish","type":"post","link":"https:\/\/isef-crr.infd.edu.ar\/sitio\/objetivos-de-la-cipe\/","title":{"rendered":"Bienvenida a los Ingresantes 2023, del Profesorado en Educaci\u00f3n F\u00edsica."},"content":{"rendered":"\n<p><\/p>\n\n\n\n<p class=\"has-text-align-left\">Se realizo el d\u00eda 20 de marzo en el horario de la ma\u00f1ana, la bienvenida a los estudiantes de primer a\u00f1o de la Carrera, esto se encuadra en el proyecto de fortalecimiento a los ingresantes, se ha abordado cuestiones espec\u00edficas del Plan de estudio del profesorado, reglamento de convivencia, reglamento de uniforme y actividades de juego a cargo de la c\u00e1tedra Juego y Recreaci\u00f3n, con el objetivo de brindar un espacio de integraci\u00f3n y orientaci\u00f3n a los nuevos estudiantes.<\/p>\n\n\n\n<p class=\"has-text-align-left\">Es nuestra convicci\u00f3n que este proyecto ser\u00e1 de gran utilidad para los estudiantes que comienzan su carrera en el nivel superior, y esperamos poder contribuir de manera significativa a su proceso de formaci\u00f3n acad\u00e9mica y personal.<\/p>\n\n\n\n<figure class=\"wp-block-image\"><img alt=\"\"\/><\/figure>\n\n\n\n<figure class=\"wp-block-image size-full\"><img decoding=\"async\" loading=\"lazy\" width=\"1280\" height=\"693\" src=\"https:\/\/isef-crr.infd.edu.ar\/sitio\/wp-content\/uploads\/2023\/04\/ingresantes-1.jpg\" alt=\"\" class=\"wp-image-2481\" srcset=\"https:\/\/isef-crr.infd.edu.ar\/sitio\/wp-content\/uploads\/2023\/04\/ingresantes-1.jpg 1280w, https:\/\/isef-crr.infd.edu.ar\/sitio\/wp-content\/uploads\/2023\/04\/ingresantes-1-1000x541.jpg 1000w, https:\/\/isef-crr.infd.edu.ar\/sitio\/wp-content\/uploads\/2023\/04\/ingresantes-1-768x416.jpg 768w\" sizes=\"(max-width: 1280px) 100vw, 1280px\" \/><\/figure>\n","protected":false},"excerpt":{"rendered":"<p>Se realizo el d\u00eda 20 de marzo en el horario de la ma\u00f1ana, la bienvenida a los estudiantes de primer a\u00f1o de la Carrera, esto se encuadra en el proyecto de fortalecimiento a los ingresantes, se ha abordado cuestiones espec\u00edficas del Plan de estudio del profesorado, reglamento de convivencia, reglamento de uniforme y actividades de &#8230; <a title=\"Bienvenida a los Ingresantes 2023, del Profesorado en Educaci\u00f3n F\u00edsica.\" class=\"read-more\" href=\"https:\/\/isef-crr.infd.edu.ar\/sitio\/objetivos-de-la-cipe\/\" aria-label=\"More on Bienvenida a los Ingresantes 2023, del Profesorado en Educaci\u00f3n F\u00edsica.\">[+]<\/a><\/p>\n","protected":false},"author":2791,"featured_media":0,"comment_status":"open","ping_status":"open","sticky":false,"template":"","format":"standard","meta":[],"categories":[27,24],"tags":[],"acf":[],"_links":{"self":[{"href":"https:\/\/isef-crr.infd.edu.ar\/sitio\/wp-json\/wp\/v2\/posts\/2480"}],"collection":[{"href":"https:\/\/isef-crr.infd.edu.ar\/sitio\/wp-json\/wp\/v2\/posts"}],"about":[{"href":"https:\/\/isef-crr.infd.edu.ar\/sitio\/wp-json\/wp\/v2\/types\/post"}],"author":[{"embeddable":true,"href":"https:\/\/isef-crr.infd.edu.ar\/sitio\/wp-json\/wp\/v2\/users\/2791"}],"replies":[{"embeddable":true,"href":"https:\/\/isef-crr.infd.edu.ar\/sitio\/wp-json\/wp\/v2\/comments?post=2480"}],"version-history":[{"count":3,"href":"https:\/\/isef-crr.infd.edu.ar\/sitio\/wp-json\/wp\/v2\/posts\/2480\/revisions"}],"predecessor-version":[{"id":2494,"href":"https:\/\/isef-crr.infd.edu.ar\/sitio\/wp-json\/wp\/v2\/posts\/2480\/revisions\/2494"}],"wp:attachment":[{"href":"https:\/\/isef-crr.infd.edu.ar\/sitio\/wp-json\/wp\/v2\/media?parent=2480"}],"wp:term":[{"taxonomy":"category","embeddable":true,"href":"https:\/\/isef-crr.infd.edu.ar\/sitio\/wp-json\/wp\/v2\/categories?post=2480"},{"taxonomy":"post_tag","embeddable":true,"href":"https:\/\/isef-crr.infd.edu.ar\/sitio\/wp-json\/wp\/v2\/tags?post=2480"}],"curies":[{"name":"wp","href":"https:\/\/api.w.org\/{rel}","templated":true}]}}