{"id":2583,"date":"2023-04-25T20:51:24","date_gmt":"2023-04-25T23:51:24","guid":{"rendered":"https:\/\/isef-crr.infd.edu.ar\/sitio\/?p=2583"},"modified":"2023-04-25T20:54:03","modified_gmt":"2023-04-25T23:54:03","slug":"p-f-i-taller-de-practicas-gimnasticas-y-expresivas","status":"publish","type":"post","link":"https:\/\/isef-crr.infd.edu.ar\/sitio\/p-f-i-taller-de-practicas-gimnasticas-y-expresivas\/","title":{"rendered":"P.F.I: Taller de Practicas Gimnasticas y Expresivas."},"content":{"rendered":"\n<p class=\"has-pale-ocean-gradient-background has-text-color has-background\" style=\"color:#bd2b4b\">En el Marco del Proyecto de Fortalecimiento Institucional Coordinado por el Prof. Sanchez Pinat Walter  y Trayectorias Estudiantiles, inicio el taller de Pr\u00e1ctica Gimnasticas y Expresivas con los estudiantes del primer a\u00f1o de la carrera, el mismo ser\u00e1 abordado desde dicha c\u00e1tedra como Experiencias Acreditables.<br>Los talleres se realizan los d\u00edas martes de tarde y viernes por la ma\u00f1ana durante todo el primer cuatrimestre.<br>Los docentes que acompa\u00f1aran:<br>Prof. Carolina Figueroa Lemos.<br>Prof. Luciana Carballo.<br>Prof. Pamela Pe\u00f1aloza Luppoli.<br>Prof. Rodrigo Teijeiro.<br>Prof. Oscar Ag\u00fcero.<br>Prof. Ayala Mat\u00edas<\/p>\n\n\n\n<figure class=\"wp-block-image size-full is-resized\"><img decoding=\"async\" loading=\"lazy\" src=\"https:\/\/isef-crr.infd.edu.ar\/sitio\/wp-content\/uploads\/2023\/04\/WhatsApp-Image-2023-04-25-at-19.36.38.jpeg\" alt=\"\" class=\"wp-image-2585\" width=\"356\" height=\"200\" srcset=\"https:\/\/isef-crr.infd.edu.ar\/sitio\/wp-content\/uploads\/2023\/04\/WhatsApp-Image-2023-04-25-at-19.36.38.jpeg 1600w, https:\/\/isef-crr.infd.edu.ar\/sitio\/wp-content\/uploads\/2023\/04\/WhatsApp-Image-2023-04-25-at-19.36.38-1000x563.jpeg 1000w, https:\/\/isef-crr.infd.edu.ar\/sitio\/wp-content\/uploads\/2023\/04\/WhatsApp-Image-2023-04-25-at-19.36.38-768x432.jpeg 768w, https:\/\/isef-crr.infd.edu.ar\/sitio\/wp-content\/uploads\/2023\/04\/WhatsApp-Image-2023-04-25-at-19.36.38-1536x864.jpeg 1536w\" sizes=\"(max-width: 356px) 100vw, 356px\" \/><\/figure>\n\n\n\n<figure class=\"wp-block-image size-full is-resized\"><img decoding=\"async\" loading=\"lazy\" src=\"https:\/\/isef-crr.infd.edu.ar\/sitio\/wp-content\/uploads\/2023\/04\/WhatsApp-Image-2023-04-25-at-19.36.38-1.jpeg\" alt=\"\" class=\"wp-image-2586\" width=\"344\" height=\"192\" srcset=\"https:\/\/isef-crr.infd.edu.ar\/sitio\/wp-content\/uploads\/2023\/04\/WhatsApp-Image-2023-04-25-at-19.36.38-1.jpeg 1599w, https:\/\/isef-crr.infd.edu.ar\/sitio\/wp-content\/uploads\/2023\/04\/WhatsApp-Image-2023-04-25-at-19.36.38-1-1000x562.jpeg 1000w\" sizes=\"(max-width: 344px) 100vw, 344px\" \/><\/figure>\n\n\n\n<figure class=\"wp-block-image size-full is-resized\"><img decoding=\"async\" loading=\"lazy\" src=\"https:\/\/isef-crr.infd.edu.ar\/sitio\/wp-content\/uploads\/2023\/04\/WhatsApp-Image-2023-04-25-at-19.28.59.jpeg\" alt=\"\" class=\"wp-image-2587\" width=\"579\" height=\"433\" srcset=\"https:\/\/isef-crr.infd.edu.ar\/sitio\/wp-content\/uploads\/2023\/04\/WhatsApp-Image-2023-04-25-at-19.28.59.jpeg 1600w, https:\/\/isef-crr.infd.edu.ar\/sitio\/wp-content\/uploads\/2023\/04\/WhatsApp-Image-2023-04-25-at-19.28.59-1000x750.jpeg 1000w, https:\/\/isef-crr.infd.edu.ar\/sitio\/wp-content\/uploads\/2023\/04\/WhatsApp-Image-2023-04-25-at-19.28.59-768x576.jpeg 768w, https:\/\/isef-crr.infd.edu.ar\/sitio\/wp-content\/uploads\/2023\/04\/WhatsApp-Image-2023-04-25-at-19.28.59-1536x1152.jpeg 1536w\" sizes=\"(max-width: 579px) 100vw, 579px\" \/><\/figure>\n\n\n\n<figure class=\"wp-block-image size-full is-resized\"><img decoding=\"async\" loading=\"lazy\" src=\"https:\/\/isef-crr.infd.edu.ar\/sitio\/wp-content\/uploads\/2023\/04\/WhatsApp-Image-2023-04-25-at-19.29.19.jpeg\" alt=\"\" class=\"wp-image-2588\" width=\"373\" height=\"279\" srcset=\"https:\/\/isef-crr.infd.edu.ar\/sitio\/wp-content\/uploads\/2023\/04\/WhatsApp-Image-2023-04-25-at-19.29.19.jpeg 1600w, https:\/\/isef-crr.infd.edu.ar\/sitio\/wp-content\/uploads\/2023\/04\/WhatsApp-Image-2023-04-25-at-19.29.19-1000x750.jpeg 1000w, https:\/\/isef-crr.infd.edu.ar\/sitio\/wp-content\/uploads\/2023\/04\/WhatsApp-Image-2023-04-25-at-19.29.19-768x576.jpeg 768w, https:\/\/isef-crr.infd.edu.ar\/sitio\/wp-content\/uploads\/2023\/04\/WhatsApp-Image-2023-04-25-at-19.29.19-1536x1152.jpeg 1536w\" sizes=\"(max-width: 373px) 100vw, 373px\" \/><\/figure>\n","protected":false},"excerpt":{"rendered":"<p>En el Marco del Proyecto de Fortalecimiento Institucional Coordinado por el Prof. Sanchez Pinat Walter y Trayectorias Estudiantiles, inicio el taller de Pr\u00e1ctica Gimnasticas y Expresivas con los estudiantes del primer a\u00f1o de la carrera, el mismo ser\u00e1 abordado desde dicha c\u00e1tedra como Experiencias Acreditables.Los talleres se realizan los d\u00edas martes de tarde y viernes &#8230; <a title=\"P.F.I: Taller de Practicas Gimnasticas y Expresivas.\" class=\"read-more\" href=\"https:\/\/isef-crr.infd.edu.ar\/sitio\/p-f-i-taller-de-practicas-gimnasticas-y-expresivas\/\" aria-label=\"More on P.F.I: Taller de Practicas Gimnasticas y Expresivas.\">[+]<\/a><\/p>\n","protected":false},"author":1,"featured_media":0,"comment_status":"open","ping_status":"open","sticky":false,"template":"","format":"standard","meta":[],"categories":[27],"tags":[],"acf":[],"_links":{"self":[{"href":"https:\/\/isef-crr.infd.edu.ar\/sitio\/wp-json\/wp\/v2\/posts\/2583"}],"collection":[{"href":"https:\/\/isef-crr.infd.edu.ar\/sitio\/wp-json\/wp\/v2\/posts"}],"about":[{"href":"https:\/\/isef-crr.infd.edu.ar\/sitio\/wp-json\/wp\/v2\/types\/post"}],"author":[{"embeddable":true,"href":"https:\/\/isef-crr.infd.edu.ar\/sitio\/wp-json\/wp\/v2\/users\/1"}],"replies":[{"embeddable":true,"href":"https:\/\/isef-crr.infd.edu.ar\/sitio\/wp-json\/wp\/v2\/comments?post=2583"}],"version-history":[{"count":3,"href":"https:\/\/isef-crr.infd.edu.ar\/sitio\/wp-json\/wp\/v2\/posts\/2583\/revisions"}],"predecessor-version":[{"id":2592,"href":"https:\/\/isef-crr.infd.edu.ar\/sitio\/wp-json\/wp\/v2\/posts\/2583\/revisions\/2592"}],"wp:attachment":[{"href":"https:\/\/isef-crr.infd.edu.ar\/sitio\/wp-json\/wp\/v2\/media?parent=2583"}],"wp:term":[{"taxonomy":"category","embeddable":true,"href":"https:\/\/isef-crr.infd.edu.ar\/sitio\/wp-json\/wp\/v2\/categories?post=2583"},{"taxonomy":"post_tag","embeddable":true,"href":"https:\/\/isef-crr.infd.edu.ar\/sitio\/wp-json\/wp\/v2\/tags?post=2583"}],"curies":[{"name":"wp","href":"https:\/\/api.w.org\/{rel}","templated":true}]}}