{"id":2594,"date":"2023-04-28T22:18:14","date_gmt":"2023-04-29T01:18:14","guid":{"rendered":"https:\/\/isef-crr.infd.edu.ar\/sitio\/?p=2594"},"modified":"2023-04-28T22:18:16","modified_gmt":"2023-04-29T01:18:16","slug":"charla-gerontologia","status":"publish","type":"post","link":"https:\/\/isef-crr.infd.edu.ar\/sitio\/charla-gerontologia\/","title":{"rendered":"CHARLA GERONTOLOG\u00cdA"},"content":{"rendered":"\n<p class=\"has-text-align-left\">En el d\u00eda de la fecha desde la c\u00e1tedra EDI I \u201cLa gimnasia y su ense\u00f1anza para adultos\u201d a cargo de la Prof. Luciana Carballo, se llev\u00f3 a cabo una Charla sobre la Gerontolog\u00eda a cargo de la Lic. en Psicopedagog\u00eda Ada Arias, en la cual se abordaron temas como la importancia de la actividad f\u00edsica con personas mayores, qu\u00e9 pasa con nuestro cuerpo a medida que envejecemos y con nuestra memoria. El objetivo es brindarles a los alumnos nuevas herramientas en su formaci\u00f3n docente.<\/p>\n\n\n\n<p><\/p>\n\n\n\n<p><\/p>\n\n\n\n<figure class=\"wp-block-image size-full is-resized\"><img decoding=\"async\" loading=\"lazy\" src=\"https:\/\/isef-crr.infd.edu.ar\/sitio\/wp-content\/uploads\/2023\/04\/295fb7b2-26f1-4044-acb3-b73c041d4568.jpg\" alt=\"\" class=\"wp-image-2595\" width=\"431\" height=\"322\" srcset=\"https:\/\/isef-crr.infd.edu.ar\/sitio\/wp-content\/uploads\/2023\/04\/295fb7b2-26f1-4044-acb3-b73c041d4568.jpg 1600w, https:\/\/isef-crr.infd.edu.ar\/sitio\/wp-content\/uploads\/2023\/04\/295fb7b2-26f1-4044-acb3-b73c041d4568-1000x750.jpg 1000w, https:\/\/isef-crr.infd.edu.ar\/sitio\/wp-content\/uploads\/2023\/04\/295fb7b2-26f1-4044-acb3-b73c041d4568-768x576.jpg 768w, https:\/\/isef-crr.infd.edu.ar\/sitio\/wp-content\/uploads\/2023\/04\/295fb7b2-26f1-4044-acb3-b73c041d4568-1536x1152.jpg 1536w\" sizes=\"(max-width: 431px) 100vw, 431px\" \/><\/figure>\n\n\n\n<figure class=\"wp-block-image size-full is-resized\"><img decoding=\"async\" loading=\"lazy\" src=\"https:\/\/isef-crr.infd.edu.ar\/sitio\/wp-content\/uploads\/2023\/04\/583ee729-ddd8-4b96-a8cf-a9737b2b0dd9.jpg\" alt=\"\" class=\"wp-image-2596\" width=\"430\" height=\"322\" srcset=\"https:\/\/isef-crr.infd.edu.ar\/sitio\/wp-content\/uploads\/2023\/04\/583ee729-ddd8-4b96-a8cf-a9737b2b0dd9.jpg 1280w, https:\/\/isef-crr.infd.edu.ar\/sitio\/wp-content\/uploads\/2023\/04\/583ee729-ddd8-4b96-a8cf-a9737b2b0dd9-1000x750.jpg 1000w, https:\/\/isef-crr.infd.edu.ar\/sitio\/wp-content\/uploads\/2023\/04\/583ee729-ddd8-4b96-a8cf-a9737b2b0dd9-768x576.jpg 768w\" sizes=\"(max-width: 430px) 100vw, 430px\" \/><\/figure>\n\n\n\n<figure class=\"wp-block-image size-full is-resized\"><img decoding=\"async\" loading=\"lazy\" src=\"https:\/\/isef-crr.infd.edu.ar\/sitio\/wp-content\/uploads\/2023\/04\/073ee61a-0ae6-4270-8740-aef079f56ab3-1.jpg\" alt=\"\" class=\"wp-image-2598\" width=\"430\" height=\"322\" srcset=\"https:\/\/isef-crr.infd.edu.ar\/sitio\/wp-content\/uploads\/2023\/04\/073ee61a-0ae6-4270-8740-aef079f56ab3-1.jpg 1600w, https:\/\/isef-crr.infd.edu.ar\/sitio\/wp-content\/uploads\/2023\/04\/073ee61a-0ae6-4270-8740-aef079f56ab3-1-1000x750.jpg 1000w, https:\/\/isef-crr.infd.edu.ar\/sitio\/wp-content\/uploads\/2023\/04\/073ee61a-0ae6-4270-8740-aef079f56ab3-1-768x576.jpg 768w, https:\/\/isef-crr.infd.edu.ar\/sitio\/wp-content\/uploads\/2023\/04\/073ee61a-0ae6-4270-8740-aef079f56ab3-1-1536x1152.jpg 1536w\" sizes=\"(max-width: 430px) 100vw, 430px\" \/><\/figure>\n\n\n\n<figure class=\"wp-block-image size-full is-resized\"><img decoding=\"async\" loading=\"lazy\" src=\"https:\/\/isef-crr.infd.edu.ar\/sitio\/wp-content\/uploads\/2023\/04\/d0bf90f1-d927-48b1-9a3b-33b912827454.jpg\" alt=\"\" class=\"wp-image-2599\" width=\"431\" height=\"322\" srcset=\"https:\/\/isef-crr.infd.edu.ar\/sitio\/wp-content\/uploads\/2023\/04\/d0bf90f1-d927-48b1-9a3b-33b912827454.jpg 1280w, https:\/\/isef-crr.infd.edu.ar\/sitio\/wp-content\/uploads\/2023\/04\/d0bf90f1-d927-48b1-9a3b-33b912827454-1000x750.jpg 1000w, https:\/\/isef-crr.infd.edu.ar\/sitio\/wp-content\/uploads\/2023\/04\/d0bf90f1-d927-48b1-9a3b-33b912827454-768x576.jpg 768w\" sizes=\"(max-width: 431px) 100vw, 431px\" \/><\/figure>\n\n\n\n<p><em>Si no puedes correr\/ trota<\/em><br><em>Si no puedas trotar\/camina<\/em><br><em>Si no puedas caminar\/usa bast\u00f3n<\/em><br><em>Pero nunca nunca te detengas<\/em><\/p>\n","protected":false},"excerpt":{"rendered":"<p>En el d\u00eda de la fecha desde la c\u00e1tedra EDI I \u201cLa gimnasia y su ense\u00f1anza para adultos\u201d a cargo de la Prof. Luciana Carballo, se llev\u00f3 a cabo una Charla sobre la Gerontolog\u00eda a cargo de la Lic. en Psicopedagog\u00eda Ada Arias, en la cual se abordaron temas como la importancia de la actividad &#8230; <a title=\"CHARLA GERONTOLOG\u00cdA\" class=\"read-more\" href=\"https:\/\/isef-crr.infd.edu.ar\/sitio\/charla-gerontologia\/\" aria-label=\"More on CHARLA GERONTOLOG\u00cdA\">[+]<\/a><\/p>\n","protected":false},"author":685,"featured_media":0,"comment_status":"open","ping_status":"open","sticky":true,"template":"","format":"standard","meta":[],"categories":[27,24,36],"tags":[],"acf":[],"_links":{"self":[{"href":"https:\/\/isef-crr.infd.edu.ar\/sitio\/wp-json\/wp\/v2\/posts\/2594"}],"collection":[{"href":"https:\/\/isef-crr.infd.edu.ar\/sitio\/wp-json\/wp\/v2\/posts"}],"about":[{"href":"https:\/\/isef-crr.infd.edu.ar\/sitio\/wp-json\/wp\/v2\/types\/post"}],"author":[{"embeddable":true,"href":"https:\/\/isef-crr.infd.edu.ar\/sitio\/wp-json\/wp\/v2\/users\/685"}],"replies":[{"embeddable":true,"href":"https:\/\/isef-crr.infd.edu.ar\/sitio\/wp-json\/wp\/v2\/comments?post=2594"}],"version-history":[{"count":1,"href":"https:\/\/isef-crr.infd.edu.ar\/sitio\/wp-json\/wp\/v2\/posts\/2594\/revisions"}],"predecessor-version":[{"id":2600,"href":"https:\/\/isef-crr.infd.edu.ar\/sitio\/wp-json\/wp\/v2\/posts\/2594\/revisions\/2600"}],"wp:attachment":[{"href":"https:\/\/isef-crr.infd.edu.ar\/sitio\/wp-json\/wp\/v2\/media?parent=2594"}],"wp:term":[{"taxonomy":"category","embeddable":true,"href":"https:\/\/isef-crr.infd.edu.ar\/sitio\/wp-json\/wp\/v2\/categories?post=2594"},{"taxonomy":"post_tag","embeddable":true,"href":"https:\/\/isef-crr.infd.edu.ar\/sitio\/wp-json\/wp\/v2\/tags?post=2594"}],"curies":[{"name":"wp","href":"https:\/\/api.w.org\/{rel}","templated":true}]}}