{"id":2603,"date":"2023-05-15T14:33:19","date_gmt":"2023-05-15T17:33:19","guid":{"rendered":"https:\/\/isef-crr.infd.edu.ar\/sitio\/?p=2603"},"modified":"2023-05-15T14:33:20","modified_gmt":"2023-05-15T17:33:20","slug":"la-transversalidad-de-un-campamento","status":"publish","type":"post","link":"https:\/\/isef-crr.infd.edu.ar\/sitio\/la-transversalidad-de-un-campamento\/","title":{"rendered":"LA TRANSVERSALIDAD DE UN CAMPAMENTO"},"content":{"rendered":"\n<p>Desde la Formaci\u00f3n Continua del I.S.E.F se realiz\u00f3 el Campamento de Cierre \u00abLA TRANSVERSALIDAD DE UN CAMPAMENTO\u00bb siguiendo con las capacitaciones est\u00e1 vez no solo apostando a la especificidad de nuestra materia sino abriendo la invitaci\u00f3n a todas las materias que puedan aportar sus contenidos y valerse de esta experiencia como una ayuda o estrategia m\u00e1s de ense\u00f1anza. Felicidades Prof. Joaqu\u00edn Ram\u00edrez y Gabriela Lapchuk.<\/p>\n\n\n\n<p><\/p>\n\n\n\n<figure class=\"wp-block-gallery has-nested-images columns-default is-cropped wp-block-gallery-1 is-layout-flex\">\n<figure class=\"wp-block-image size-large\"><img decoding=\"async\" loading=\"lazy\" width=\"721\" height=\"721\" data-id=\"2605\"  src=\"https:\/\/isef-crr.infd.edu.ar\/sitio\/wp-content\/uploads\/2023\/05\/4b817aa6-5f17-4566-9d45-784fdb95282c.jpg\" alt=\"\" class=\"wp-image-2605\" srcset=\"https:\/\/isef-crr.infd.edu.ar\/sitio\/wp-content\/uploads\/2023\/05\/4b817aa6-5f17-4566-9d45-784fdb95282c.jpg 721w, https:\/\/isef-crr.infd.edu.ar\/sitio\/wp-content\/uploads\/2023\/05\/4b817aa6-5f17-4566-9d45-784fdb95282c-500x500.jpg 500w\" sizes=\"(max-width: 721px) 100vw, 721px\" \/><\/figure>\n\n\n\n<figure class=\"wp-block-image size-large\"><img decoding=\"async\" loading=\"lazy\" width=\"721\" height=\"721\" data-id=\"2607\"  src=\"https:\/\/isef-crr.infd.edu.ar\/sitio\/wp-content\/uploads\/2023\/05\/fc82031f-b590-4e35-ae46-248f8c66e424.jpg\" alt=\"\" class=\"wp-image-2607\" srcset=\"https:\/\/isef-crr.infd.edu.ar\/sitio\/wp-content\/uploads\/2023\/05\/fc82031f-b590-4e35-ae46-248f8c66e424.jpg 721w, https:\/\/isef-crr.infd.edu.ar\/sitio\/wp-content\/uploads\/2023\/05\/fc82031f-b590-4e35-ae46-248f8c66e424-500x500.jpg 500w\" sizes=\"(max-width: 721px) 100vw, 721px\" \/><\/figure>\n<\/figure>\n\n\n\n<figure class=\"wp-block-gallery has-nested-images columns-default is-cropped wp-block-gallery-3 is-layout-flex\">\n<figure class=\"wp-block-image size-large\"><img decoding=\"async\" loading=\"lazy\" width=\"899\" height=\"899\" data-id=\"2610\"  src=\"https:\/\/isef-crr.infd.edu.ar\/sitio\/wp-content\/uploads\/2023\/05\/7d9433de-4e4c-419b-948a-f9c4a146404d-1.jpg\" alt=\"\" class=\"wp-image-2610\" srcset=\"https:\/\/isef-crr.infd.edu.ar\/sitio\/wp-content\/uploads\/2023\/05\/7d9433de-4e4c-419b-948a-f9c4a146404d-1.jpg 899w, https:\/\/isef-crr.infd.edu.ar\/sitio\/wp-content\/uploads\/2023\/05\/7d9433de-4e4c-419b-948a-f9c4a146404d-1-500x500.jpg 500w, https:\/\/isef-crr.infd.edu.ar\/sitio\/wp-content\/uploads\/2023\/05\/7d9433de-4e4c-419b-948a-f9c4a146404d-1-768x768.jpg 768w\" sizes=\"(max-width: 899px) 100vw, 899px\" \/><\/figure>\n\n\n\n<figure class=\"wp-block-image size-large\"><img decoding=\"async\" loading=\"lazy\" width=\"768\" height=\"768\" data-id=\"2609\"  src=\"https:\/\/isef-crr.infd.edu.ar\/sitio\/wp-content\/uploads\/2023\/05\/fb7a73ce-a287-40d5-8a05-869b52a766c6-2.jpg\" alt=\"\" class=\"wp-image-2609\" srcset=\"https:\/\/isef-crr.infd.edu.ar\/sitio\/wp-content\/uploads\/2023\/05\/fb7a73ce-a287-40d5-8a05-869b52a766c6-2.jpg 768w, https:\/\/isef-crr.infd.edu.ar\/sitio\/wp-content\/uploads\/2023\/05\/fb7a73ce-a287-40d5-8a05-869b52a766c6-2-500x500.jpg 500w\" sizes=\"(max-width: 768px) 100vw, 768px\" \/><\/figure>\n<\/figure>\n","protected":false},"excerpt":{"rendered":"<p>Desde la Formaci\u00f3n Continua del I.S.E.F se realiz\u00f3 el Campamento de Cierre \u00abLA TRANSVERSALIDAD DE UN CAMPAMENTO\u00bb siguiendo con las capacitaciones est\u00e1 vez no solo apostando a la especificidad de nuestra materia sino abriendo la invitaci\u00f3n a todas las materias que puedan aportar sus contenidos y valerse de esta experiencia como una ayuda o estrategia &#8230; <a title=\"LA TRANSVERSALIDAD DE UN CAMPAMENTO\" class=\"read-more\" href=\"https:\/\/isef-crr.infd.edu.ar\/sitio\/la-transversalidad-de-un-campamento\/\" aria-label=\"More on LA TRANSVERSALIDAD DE UN CAMPAMENTO\">[+]<\/a><\/p>\n","protected":false},"author":685,"featured_media":0,"comment_status":"open","ping_status":"open","sticky":false,"template":"","format":"standard","meta":[],"categories":[9,1,7,6],"tags":[],"acf":[],"_links":{"self":[{"href":"https:\/\/isef-crr.infd.edu.ar\/sitio\/wp-json\/wp\/v2\/posts\/2603"}],"collection":[{"href":"https:\/\/isef-crr.infd.edu.ar\/sitio\/wp-json\/wp\/v2\/posts"}],"about":[{"href":"https:\/\/isef-crr.infd.edu.ar\/sitio\/wp-json\/wp\/v2\/types\/post"}],"author":[{"embeddable":true,"href":"https:\/\/isef-crr.infd.edu.ar\/sitio\/wp-json\/wp\/v2\/users\/685"}],"replies":[{"embeddable":true,"href":"https:\/\/isef-crr.infd.edu.ar\/sitio\/wp-json\/wp\/v2\/comments?post=2603"}],"version-history":[{"count":1,"href":"https:\/\/isef-crr.infd.edu.ar\/sitio\/wp-json\/wp\/v2\/posts\/2603\/revisions"}],"predecessor-version":[{"id":2611,"href":"https:\/\/isef-crr.infd.edu.ar\/sitio\/wp-json\/wp\/v2\/posts\/2603\/revisions\/2611"}],"wp:attachment":[{"href":"https:\/\/isef-crr.infd.edu.ar\/sitio\/wp-json\/wp\/v2\/media?parent=2603"}],"wp:term":[{"taxonomy":"category","embeddable":true,"href":"https:\/\/isef-crr.infd.edu.ar\/sitio\/wp-json\/wp\/v2\/categories?post=2603"},{"taxonomy":"post_tag","embeddable":true,"href":"https:\/\/isef-crr.infd.edu.ar\/sitio\/wp-json\/wp\/v2\/tags?post=2603"}],"curies":[{"name":"wp","href":"https:\/\/api.w.org\/{rel}","templated":true}]}}