{"id":864,"date":"2020-04-28T08:40:43","date_gmt":"2020-04-28T11:40:43","guid":{"rendered":"https:\/\/isef-crr.infd.edu.ar\/sitio\/?p=864"},"modified":"2020-05-15T18:44:08","modified_gmt":"2020-05-15T21:44:08","slug":"agradecimiento","status":"publish","type":"post","link":"https:\/\/isef-crr.infd.edu.ar\/sitio\/agradecimiento\/","title":{"rendered":"Agradecimiento"},"content":{"rendered":"<p style=\"text-align: justify;\">La Rectora Normalizadora del Instituto Superior de Educaci\u00f3n F\u00edsica \u00abPof. Ant\u00f3nio Alejandro Alvarez\u00bb, Lic. Monica Iturria Vallejos, agradece a las autoridades del\u00a0 Ministerio de Educaci\u00f3n que por intermedio del Director de Educaci\u00f3n F\u00edsica, Prof. Humberto Fornaroli y del\u00a0Director de Sistemas Ing. Carlos Encinas, brindaron los recursos inform\u00e1ticos\u00a0 necesarios para acceder a las plataformas de Gesti\u00f3n Institucional.<!--more--><\/p>\n<p style=\"text-align: justify;\">A los Lic. Eduardo Mendoza y Juan Pablo M\u00e9ndez por haber posibilitado la incorporaci\u00f3n al Sistema Inform\u00e1tico Modular para la administraci\u00f3n Educativa (SIMA),\u00a0 y\u00a0 la colaboraci\u00f3n permanente con la instituci\u00f3n.<\/p>\n<p style=\"text-align: justify;\">A los Docentes, Administrativos y Bedeles por la extraordinaria tarea en este desaf\u00edo de la educaci\u00f3n en las aulas virtuales en pos de sostener la continuidad educativa.<\/p>\n<p style=\"text-align: justify;\">A la Profesora Nancy Segovia por el apoyo t\u00e9cnico-pedag\u00f3gico en las aulas virtuales con todos los docentes del Instituto. Al Profesor Luis Romero y Prof. Noelia N\u00fa\u00f1ez por \u00a0la asistencia t\u00e9cnica al alumnado.<\/p>\n<p style=\"text-align: justify;\">Y al Personal Administrativo y T\u00e9cnico del Instituto: Eduardo Encinas, Claudio Oviedo, Hugo Soto Cabrera y Victor Picton por su labor en la activaci\u00f3n de las aulas virtuales.<\/p>\n<p style=\"text-align: right;\"><img decoding=\"async\" loading=\"lazy\" class=\"alignnone wp-image-963\" src=\"https:\/\/isef-crr.infd.edu.ar\/sitio\/wp-content\/uploads\/2020\/04\/sello12.png\" alt=\"\" width=\"148\" height=\"195\" \/><img decoding=\"async\" loading=\"lazy\" class=\"alignnone wp-image-965\" src=\"https:\/\/isef-crr.infd.edu.ar\/sitio\/wp-content\/uploads\/2020\/04\/otro-2.png\" alt=\"\" width=\"204\" height=\"175\" \/><\/p>\n<p>&nbsp;<\/p>\n","protected":false},"excerpt":{"rendered":"<p>La Rectora Normalizadora del Instituto Superior de Educaci\u00f3n F\u00edsica \u00abPof. Ant\u00f3nio Alejandro Alvarez\u00bb, Lic. Monica Iturria Vallejos, agradece a las autoridades del\u00a0 Ministerio de Educaci\u00f3n que por intermedio del Director de Educaci\u00f3n F\u00edsica, Prof. Humberto Fornaroli y del\u00a0Director de Sistemas Ing. Carlos Encinas, brindaron los recursos inform\u00e1ticos\u00a0 necesarios para acceder a las plataformas de Gesti\u00f3n &#8230; <a title=\"Agradecimiento\" class=\"read-more\" href=\"https:\/\/isef-crr.infd.edu.ar\/sitio\/agradecimiento\/\" aria-label=\"More on Agradecimiento\">[+]<\/a><\/p>\n","protected":false},"author":4,"featured_media":969,"comment_status":"open","ping_status":"open","sticky":false,"template":"","format":"standard","meta":[],"categories":[10],"tags":[11,12],"acf":[],"_links":{"self":[{"href":"https:\/\/isef-crr.infd.edu.ar\/sitio\/wp-json\/wp\/v2\/posts\/864"}],"collection":[{"href":"https:\/\/isef-crr.infd.edu.ar\/sitio\/wp-json\/wp\/v2\/posts"}],"about":[{"href":"https:\/\/isef-crr.infd.edu.ar\/sitio\/wp-json\/wp\/v2\/types\/post"}],"author":[{"embeddable":true,"href":"https:\/\/isef-crr.infd.edu.ar\/sitio\/wp-json\/wp\/v2\/users\/4"}],"replies":[{"embeddable":true,"href":"https:\/\/isef-crr.infd.edu.ar\/sitio\/wp-json\/wp\/v2\/comments?post=864"}],"version-history":[{"count":24,"href":"https:\/\/isef-crr.infd.edu.ar\/sitio\/wp-json\/wp\/v2\/posts\/864\/revisions"}],"predecessor-version":[{"id":976,"href":"https:\/\/isef-crr.infd.edu.ar\/sitio\/wp-json\/wp\/v2\/posts\/864\/revisions\/976"}],"wp:featuredmedia":[{"embeddable":true,"href":"https:\/\/isef-crr.infd.edu.ar\/sitio\/wp-json\/wp\/v2\/media\/969"}],"wp:attachment":[{"href":"https:\/\/isef-crr.infd.edu.ar\/sitio\/wp-json\/wp\/v2\/media?parent=864"}],"wp:term":[{"taxonomy":"category","embeddable":true,"href":"https:\/\/isef-crr.infd.edu.ar\/sitio\/wp-json\/wp\/v2\/categories?post=864"},{"taxonomy":"post_tag","embeddable":true,"href":"https:\/\/isef-crr.infd.edu.ar\/sitio\/wp-json\/wp\/v2\/tags?post=864"}],"curies":[{"name":"wp","href":"https:\/\/api.w.org\/{rel}","templated":true}]}}