{"id":881,"date":"2020-04-23T14:48:20","date_gmt":"2020-04-23T17:48:20","guid":{"rendered":"https:\/\/isef-crr.infd.edu.ar\/sitio\/?p=881"},"modified":"2020-04-26T21:36:07","modified_gmt":"2020-04-27T00:36:07","slug":"comunicado","status":"publish","type":"post","link":"https:\/\/isef-crr.infd.edu.ar\/sitio\/comunicado\/","title":{"rendered":"Comunicado"},"content":{"rendered":"<p style=\"text-align: center;\"><u>Comunicado<\/u><\/p>\n<p style=\"text-align: right;\">23 de abril de 2020<\/p>\n<p style=\"text-align: left;\">El Instituto Superior de Educaci\u00f3n F\u00edsica \u201cAntonio Alejandro \u00c1lvarez\u201d informa a la comunidad educativa y a la ciudadan\u00eda en general que debido a situaci\u00f3n epidemiol\u00f3gica del coronavirus (Covid19) y mientras dure la cuarentena obligatoria, el Instituto est\u00e1 desarrollando las clases a trav\u00e9s de las aulas virtuales en todas las Unidades Curriculares en Sede Capital, subsede Ituzaing\u00f3 y extensi\u00f3n \u00e1ulica de It\u00e1 Ibat\u00e9.<\/p>\n<p style=\"text-align: left;\">Las clases dieron inicio el\u00a0 d\u00eda 6 de abril de forma progresiva hasta llegar a la actualidad con\u00a0 188 aulas virtuales en el <a href=\"https:\/\/isef-crr.infd.edu.ar\/aula\/\">campus virtual<\/a>.<!--more--><\/p>\n<p style=\"text-align: left;\">Los docentes cuentan con acompa\u00f1amiento pedag\u00f3gico, que el instituto ofrece a trav\u00e9s de una instancia de capacitaci\u00f3n en administrar aulas virtuales, pertenecientes al programa <a href=\"http:\/\/dgescorrientes.net\/cev\/\">Corrientes Educa Virtual<\/a><\/p>\n<p style=\"text-align: left;\">Ademas el cuerpo docente del ISEF esta trabajando con todas las alternativas actuales: redes sociales, tel\u00e9fonos m\u00f3viles, etc; ante la posibilidad de estudiantes que no tengan recursos de conectividad y medios tecnol\u00f3gicos m\u00ednimos necesarios. De esta manera se garantiza la participaci\u00f3n activa de los 1442 alumnos del Profesorado.<\/p>\n<p style=\"text-align: left;\">Cualquier duda o inquietud comunicarse al Correo institucional: <a href=\"mailto:1800634-00@mec.gob.ar\">1800634-00@mec.gob.ar<\/a>.<\/p>\n<p style=\"text-align: left;\">Consejo Directivo<\/p>\n<p style=\"text-align: left;\">#seguimoseducando #seguimosnormalizando<\/p>\n","protected":false},"excerpt":{"rendered":"<p>Comunicado 23 de abril de 2020 El Instituto Superior de Educaci\u00f3n F\u00edsica \u201cAntonio Alejandro \u00c1lvarez\u201d informa a la comunidad educativa y a la ciudadan\u00eda en general que debido a situaci\u00f3n epidemiol\u00f3gica del coronavirus (Covid19) y mientras dure la cuarentena obligatoria, el Instituto est\u00e1 desarrollando las clases a trav\u00e9s de las aulas virtuales en todas las &#8230; <a title=\"Comunicado\" class=\"read-more\" href=\"https:\/\/isef-crr.infd.edu.ar\/sitio\/comunicado\/\" aria-label=\"More on Comunicado\">[+]<\/a><\/p>\n","protected":false},"author":381,"featured_media":957,"comment_status":"open","ping_status":"open","sticky":false,"template":"","format":"aside","meta":[],"categories":[15],"tags":[13,16],"acf":[],"_links":{"self":[{"href":"https:\/\/isef-crr.infd.edu.ar\/sitio\/wp-json\/wp\/v2\/posts\/881"}],"collection":[{"href":"https:\/\/isef-crr.infd.edu.ar\/sitio\/wp-json\/wp\/v2\/posts"}],"about":[{"href":"https:\/\/isef-crr.infd.edu.ar\/sitio\/wp-json\/wp\/v2\/types\/post"}],"author":[{"embeddable":true,"href":"https:\/\/isef-crr.infd.edu.ar\/sitio\/wp-json\/wp\/v2\/users\/381"}],"replies":[{"embeddable":true,"href":"https:\/\/isef-crr.infd.edu.ar\/sitio\/wp-json\/wp\/v2\/comments?post=881"}],"version-history":[{"count":5,"href":"https:\/\/isef-crr.infd.edu.ar\/sitio\/wp-json\/wp\/v2\/posts\/881\/revisions"}],"predecessor-version":[{"id":928,"href":"https:\/\/isef-crr.infd.edu.ar\/sitio\/wp-json\/wp\/v2\/posts\/881\/revisions\/928"}],"wp:featuredmedia":[{"embeddable":true,"href":"https:\/\/isef-crr.infd.edu.ar\/sitio\/wp-json\/wp\/v2\/media\/957"}],"wp:attachment":[{"href":"https:\/\/isef-crr.infd.edu.ar\/sitio\/wp-json\/wp\/v2\/media?parent=881"}],"wp:term":[{"taxonomy":"category","embeddable":true,"href":"https:\/\/isef-crr.infd.edu.ar\/sitio\/wp-json\/wp\/v2\/categories?post=881"},{"taxonomy":"post_tag","embeddable":true,"href":"https:\/\/isef-crr.infd.edu.ar\/sitio\/wp-json\/wp\/v2\/tags?post=881"}],"curies":[{"name":"wp","href":"https:\/\/api.w.org\/{rel}","templated":true}]}}