{"id":944,"date":"2020-04-25T17:31:39","date_gmt":"2020-04-25T20:31:39","guid":{"rendered":"https:\/\/isef-crr.infd.edu.ar\/sitio\/?p=944"},"modified":"2020-05-07T17:56:45","modified_gmt":"2020-05-07T20:56:45","slug":"ajedrez","status":"publish","type":"post","link":"https:\/\/isef-crr.infd.edu.ar\/sitio\/ajedrez\/","title":{"rendered":"Ajedrez virtual"},"content":{"rendered":"<p>CONVOCATORIA PARA EL AJEDREZ VIRTUAL SUPERIOR 2020 &#x265f;&#x1f3c6;<\/p>\n<p>La Direcci\u00f3n de Educaci\u00f3n Superior a trav\u00e9s del \u00e1rea de Pol\u00edticas Estudiantiles, inicia sus jornadas de Ajedrez Virtual para estudiantes del Nivel Superior. Se llevar\u00e1 a cabo el primer encuentro virtual el d\u00eda mi\u00e9rcoles 29 a las 16:30 hs.<!--more--><\/p>\n<p>Los estudiantes interesados deber\u00e1n registrarse a trav\u00e9s de la plataforma, ingresando al siguiente link:<\/p>\n<p>&#x27a1;&#xfe0f; <a href=\"https:\/\/lichess.org\/team\/ajedrez-educa-corrientes-sup\">https:\/\/lichess.org\/team\/ajedrez-educa-corrientes-sup<\/a><\/p>\n<p>All\u00ed podr\u00e1n representar a sus instituciones en diferentes jornadas que se llevar\u00e1n a cabo durante los siguientes meses. Se espera una amplia participaci\u00f3n ya que el programa virtual fue lanzado el a\u00f1o pasado, superando todas las expectativas de participaci\u00f3n estudiantil.<\/p>\n<p>Adem\u00e1s, luego de registrarse deber\u00e1n rellenar el siguiente formulario de inscripci\u00f3n<\/p>\n<p>&#x27a1;&#xfe0f; <a href=\"https:\/\/forms.gle\/FEEXxMLtLzbhCKoD6\">https:\/\/forms.gle\/FEEXxMLtLzbhCKoD6\u00a0<\/a><\/p>\n","protected":false},"excerpt":{"rendered":"<p>CONVOCATORIA PARA EL AJEDREZ VIRTUAL SUPERIOR 2020 &#x265f;&#x1f3c6; La Direcci\u00f3n de Educaci\u00f3n Superior a trav\u00e9s del \u00e1rea de Pol\u00edticas Estudiantiles, inicia sus jornadas de Ajedrez Virtual para estudiantes del Nivel Superior. Se llevar\u00e1 a cabo el primer encuentro virtual el d\u00eda mi\u00e9rcoles 29 a las 16:30 hs.<\/p>\n","protected":false},"author":666,"featured_media":948,"comment_status":"open","ping_status":"open","sticky":false,"template":"","format":"standard","meta":[],"categories":[27,21],"tags":[13,22,23],"acf":[],"_links":{"self":[{"href":"https:\/\/isef-crr.infd.edu.ar\/sitio\/wp-json\/wp\/v2\/posts\/944"}],"collection":[{"href":"https:\/\/isef-crr.infd.edu.ar\/sitio\/wp-json\/wp\/v2\/posts"}],"about":[{"href":"https:\/\/isef-crr.infd.edu.ar\/sitio\/wp-json\/wp\/v2\/types\/post"}],"author":[{"embeddable":true,"href":"https:\/\/isef-crr.infd.edu.ar\/sitio\/wp-json\/wp\/v2\/users\/666"}],"replies":[{"embeddable":true,"href":"https:\/\/isef-crr.infd.edu.ar\/sitio\/wp-json\/wp\/v2\/comments?post=944"}],"version-history":[{"count":4,"href":"https:\/\/isef-crr.infd.edu.ar\/sitio\/wp-json\/wp\/v2\/posts\/944\/revisions"}],"predecessor-version":[{"id":950,"href":"https:\/\/isef-crr.infd.edu.ar\/sitio\/wp-json\/wp\/v2\/posts\/944\/revisions\/950"}],"wp:featuredmedia":[{"embeddable":true,"href":"https:\/\/isef-crr.infd.edu.ar\/sitio\/wp-json\/wp\/v2\/media\/948"}],"wp:attachment":[{"href":"https:\/\/isef-crr.infd.edu.ar\/sitio\/wp-json\/wp\/v2\/media?parent=944"}],"wp:term":[{"taxonomy":"category","embeddable":true,"href":"https:\/\/isef-crr.infd.edu.ar\/sitio\/wp-json\/wp\/v2\/categories?post=944"},{"taxonomy":"post_tag","embeddable":true,"href":"https:\/\/isef-crr.infd.edu.ar\/sitio\/wp-json\/wp\/v2\/tags?post=944"}],"curies":[{"name":"wp","href":"https:\/\/api.w.org\/{rel}","templated":true}]}}